{"id":2893,"date":"2021-12-10T10:39:18","date_gmt":"2021-12-10T13:39:18","guid":{"rendered":"https:\/\/expressaoms.com.br\/?p=2893"},"modified":"2021-12-10T10:43:07","modified_gmt":"2021-12-10T13:43:07","slug":"confira-os-primeiros-ganhadores-de-uma-diaria-no-quiosque-do-balneario-municipal","status":"publish","type":"post","link":"https:\/\/expressaoms.com.br\/index.php\/2021\/12\/10\/confira-os-primeiros-ganhadores-de-uma-diaria-no-quiosque-do-balneario-municipal\/","title":{"rendered":"Confira os primeiros ganhadores de uma di\u00e1ria no quiosque do Balne\u00e1rio Municipal"},"content":{"rendered":"<p>O primeiro sorteio de uma di\u00e1ria no quiosque do Balne\u00e1rio Municipal \u201cMiguel Jorge Tabox\u201d aconteceu nesta quinta-feira (9) e dois visitantes v\u00e3o poder desfrutar de momentos de lazer com familiares e amigos.<\/p>\n<p>O Prefeito Angelo Guerreiro, acompanhado da pequena Julia que estava no local no momento do ato e \u00e9 moradora do bairro Ipe 4, realizou o sorteio que contemplou os visitantes Wesley O. Dias e Rafael Baldarini. Os vencedores t\u00eam o prazo de 30 dias para realizar a reserva do quiosque junto \u00e0 administra\u00e7\u00e3o do Balne\u00e1rio.<\/p>\n<p>De acordo com a Coordenadora do Balne\u00e1rio Municipal, Natalia Leite, o preenchimento da pesquisa est\u00e1 sendo um sucesso, os visitantes est\u00e3o participando e torcendo para ganhar o pr\u00eamio. O sorteio acontece semanalmente e o ganhador vai agendar uma data junto \u00e0 administra\u00e7\u00e3o do Balne\u00e1rio para utilizar o quiosque.<\/p>\n<p>A Secretaria Municipal de Desenvolvimento Econ\u00f4mico, Ci\u00eancia e Tecnologia (SEDECT) refor\u00e7a que a cobran\u00e7a da taxa de entrada do balne\u00e1rio est\u00e1 suspensa at\u00e9 o dia 2 de janeiro de 2022, sendo cobrado apenas pela loca\u00e7\u00e3o dos quiosques e utiliza\u00e7\u00e3o da rampa de acesso aos barcos.<\/p>\n","protected":false},"excerpt":{"rendered":"<p>O primeiro sorteio de uma di\u00e1ria no quiosque do Balne\u00e1rio Municipal \u201cMiguel Jorge Tabox\u201d aconteceu nesta quinta-feira (9) e dois visitantes v\u00e3o poder desfrutar de momentos de lazer com familiares e amigos. O Prefeito Angelo Guerreiro, acompanhado da pequena Julia que estava no local no momento do ato e \u00e9 moradora do bairro Ipe 4, [&hellip;]<\/p>\n","protected":false},"author":2,"featured_media":2898,"comment_status":"open","ping_status":"open","sticky":false,"template":"","format":"standard","meta":{"om_disable_all_campaigns":false,"_monsterinsights_skip_tracking":false,"_monsterinsights_sitenote_active":false,"_monsterinsights_sitenote_note":"","_monsterinsights_sitenote_category":0,"footnotes":""},"categories":[36,48],"tags":[],"aioseo_notices":[],"_links":{"self":[{"href":"https:\/\/expressaoms.com.br\/index.php\/wp-json\/wp\/v2\/posts\/2893"}],"collection":[{"href":"https:\/\/expressaoms.com.br\/index.php\/wp-json\/wp\/v2\/posts"}],"about":[{"href":"https:\/\/expressaoms.com.br\/index.php\/wp-json\/wp\/v2\/types\/post"}],"author":[{"embeddable":true,"href":"https:\/\/expressaoms.com.br\/index.php\/wp-json\/wp\/v2\/users\/2"}],"replies":[{"embeddable":true,"href":"https:\/\/expressaoms.com.br\/index.php\/wp-json\/wp\/v2\/comments?post=2893"}],"version-history":[{"count":1,"href":"https:\/\/expressaoms.com.br\/index.php\/wp-json\/wp\/v2\/posts\/2893\/revisions"}],"predecessor-version":[{"id":2894,"href":"https:\/\/expressaoms.com.br\/index.php\/wp-json\/wp\/v2\/posts\/2893\/revisions\/2894"}],"wp:featuredmedia":[{"embeddable":true,"href":"https:\/\/expressaoms.com.br\/index.php\/wp-json\/wp\/v2\/media\/2898"}],"wp:attachment":[{"href":"https:\/\/expressaoms.com.br\/index.php\/wp-json\/wp\/v2\/media?parent=2893"}],"wp:term":[{"taxonomy":"category","embeddable":true,"href":"https:\/\/expressaoms.com.br\/index.php\/wp-json\/wp\/v2\/categories?post=2893"},{"taxonomy":"post_tag","embeddable":true,"href":"https:\/\/expressaoms.com.br\/index.php\/wp-json\/wp\/v2\/tags?post=2893"}],"curies":[{"name":"wp","href":"https:\/\/api.w.org\/{rel}","templated":true}]}}