{"id":2907,"date":"2021-12-11T09:43:12","date_gmt":"2021-12-11T12:43:12","guid":{"rendered":"https:\/\/expressaoms.com.br\/?p=2907"},"modified":"2021-12-11T09:43:12","modified_gmt":"2021-12-11T12:43:12","slug":"governador-anuncia-intencao-de-sediar-em-ms-competicao-nacional-inedita-da-terceira-idade","status":"publish","type":"post","link":"https:\/\/expressaoms.com.br\/index.php\/2021\/12\/11\/governador-anuncia-intencao-de-sediar-em-ms-competicao-nacional-inedita-da-terceira-idade\/","title":{"rendered":"Governador anuncia inten\u00e7\u00e3o de sediar em MS competi\u00e7\u00e3o nacional in\u00e9dita da terceira idade"},"content":{"rendered":"<div>Mato Grosso do Sul tem a inten\u00e7\u00e3o de sediar competi\u00e7\u00e3o nacional da terceira idade j\u00e1 em 2022. Esta foi a novidade anunciada pelo governador Reinaldo Azambuja durante a solenidade de abertura dos Jogos da Melhor Idade de Mato Grosso do Sul 2021, nesta sexta-feira (10), em Tr\u00eas Lagoas. O campeonato voltado a idosos-atletas com idade acima de 60 anos ser\u00e1 in\u00e9dito e receber\u00e1 delega\u00e7\u00f5es de diversos estados do pa\u00eds.<\/div>\n<div><\/div>\n<div>O projeto de cria\u00e7\u00e3o do evento multiesportivo envolvendo todas as unidades federativas do Brasil, elaborado pela Funda\u00e7\u00e3o de Desporto e Lazer de Mato Grosso do Sul (Fundesporte), e o desejo em receber a edi\u00e7\u00e3o inaugural no estado ser\u00e3o apresentados pessoalmente pelo governador \u00e0 Secretaria Especial do Esporte, \u00f3rg\u00e3o ligado ao Minist\u00e9rio da Cidadania, em Bras\u00edlia (DF).<\/div>\n<div>\n<p>&#8220;\u00c9 um desejo que n\u00e3o \u00e9 meu, mas de todos os atletas idosos de Mato Grosso do Sul. Vamos levar um projeto bem elaborado \u00e0 Secretaria e trazer esses jogos para nosso estado, para mostrar a qualidade dos nossos atletas. Queremos que outros estados venham competir com a gente aqui na nossa terra, para mostrarmos qualidade, alegria e como recebemos bem pessoas de outros lugares&#8221;, destacou Reinaldo Azambuja.<\/p>\n<p>O secret\u00e1rio de Estado de Infraestrutura, Eduardo Riedel, tamb\u00e9m participou da cerim\u00f4nia e salientou o comprometimento do Governo do Estado em investir no esporte direcionado \u00e0 terceira idade. &#8220;Fui secret\u00e1rio de Governo por seis anos e sempre discutimos muito junto \u00e0 Fundesporte a retomada dos jogos da melhor idade e a amplia\u00e7\u00e3o de pr\u00e1ticas esportivas aos nossos idosos. Temos um compromisso s\u00e9rio com os jogos estaduais e a vinda deste Brasileiro s\u00f3 ratifica esse empenho que temos com a popula\u00e7\u00e3o idosa. Voc\u00eas s\u00e3o exemplo para n\u00f3s e nos d\u00e3o muito orgulho&#8221;.<\/p>\n<p>Para o diretor-presidente da Fundesporte, Marcelo Ferreira Miranda, a concep\u00e7\u00e3o dos jogos nacionais da melhor idade motivar\u00e1 outros estados. &#8220;Os Jogos da Melhor Idade s\u00e3o fruto do plano de governo feito em 2015 e a cada ano cresce mais, com mais modalidades e qualidade aos nossos idosos em Mato Grosso do Sul. Criar um campeonato brasileiro mobilizar\u00e1 outros estados, que v\u00e3o querer participar da etapa nacional&#8221;.<\/p>\n<p>Al\u00e9m da abertura dos Jogos, foi organizado o Concurso Miss e Mister Melhor Idade de MS nesta sexta-feira (10), na Arenamix.<\/p>\n<p><strong>Disputas em Tr\u00eas Lagoas<\/strong><\/p>\n<p>Os Jogos da Melhor Idade de Mato Grosso do Sul 2021 chegam a Tr\u00eas Lagoas pela segunda vez neste ano, agora com as modalidades individuais e em duplas: atletismo, dama, dan\u00e7a de sal\u00e3o, domin\u00f3, nata\u00e7\u00e3o, malha, sinuca, t\u00eanis de mesa, truco e xadrez.<\/p>\n<p>As disputas t\u00eam in\u00edcio neste s\u00e1bado (11) e v\u00e3o at\u00e9 domingo (12), envolvendo 289 idosos-atletas de 18 munic\u00edpios: Bataguassu, Caarap\u00f3, Campo Grande, Chapad\u00e3o do Sul, Deod\u00e1polis, Dourados, Iguatemi, Itapor\u00e3, Jaraguari, Jardim, Maracaju, Nova Andradina, Para\u00edso das \u00c1guas, Ponta Por\u00e3, Santa Rita do Pardo, Selv\u00edria, Tr\u00eas Lagoas e Vicentina.<\/p>\n<\/div>\n","protected":false},"excerpt":{"rendered":"<p>Mato Grosso do Sul tem a inten\u00e7\u00e3o de sediar competi\u00e7\u00e3o nacional da terceira idade j\u00e1 em 2022. Esta foi a novidade anunciada pelo governador Reinaldo Azambuja durante a solenidade de abertura dos Jogos da Melhor Idade de Mato Grosso do Sul 2021, nesta sexta-feira (10), em Tr\u00eas Lagoas. O campeonato voltado a idosos-atletas com idade [&hellip;]<\/p>\n","protected":false},"author":3,"featured_media":2908,"comment_status":"open","ping_status":"open","sticky":false,"template":"","format":"standard","meta":{"om_disable_all_campaigns":false,"_monsterinsights_skip_tracking":false,"_monsterinsights_sitenote_active":false,"_monsterinsights_sitenote_note":"","_monsterinsights_sitenote_category":0,"footnotes":""},"categories":[30,34,48],"tags":[],"aioseo_notices":[],"_links":{"self":[{"href":"https:\/\/expressaoms.com.br\/index.php\/wp-json\/wp\/v2\/posts\/2907"}],"collection":[{"href":"https:\/\/expressaoms.com.br\/index.php\/wp-json\/wp\/v2\/posts"}],"about":[{"href":"https:\/\/expressaoms.com.br\/index.php\/wp-json\/wp\/v2\/types\/post"}],"author":[{"embeddable":true,"href":"https:\/\/expressaoms.com.br\/index.php\/wp-json\/wp\/v2\/users\/3"}],"replies":[{"embeddable":true,"href":"https:\/\/expressaoms.com.br\/index.php\/wp-json\/wp\/v2\/comments?post=2907"}],"version-history":[{"count":1,"href":"https:\/\/expressaoms.com.br\/index.php\/wp-json\/wp\/v2\/posts\/2907\/revisions"}],"predecessor-version":[{"id":2909,"href":"https:\/\/expressaoms.com.br\/index.php\/wp-json\/wp\/v2\/posts\/2907\/revisions\/2909"}],"wp:featuredmedia":[{"embeddable":true,"href":"https:\/\/expressaoms.com.br\/index.php\/wp-json\/wp\/v2\/media\/2908"}],"wp:attachment":[{"href":"https:\/\/expressaoms.com.br\/index.php\/wp-json\/wp\/v2\/media?parent=2907"}],"wp:term":[{"taxonomy":"category","embeddable":true,"href":"https:\/\/expressaoms.com.br\/index.php\/wp-json\/wp\/v2\/categories?post=2907"},{"taxonomy":"post_tag","embeddable":true,"href":"https:\/\/expressaoms.com.br\/index.php\/wp-json\/wp\/v2\/tags?post=2907"}],"curies":[{"name":"wp","href":"https:\/\/api.w.org\/{rel}","templated":true}]}}