{"id":2911,"date":"2021-12-11T09:56:37","date_gmt":"2021-12-11T12:56:37","guid":{"rendered":"https:\/\/expressaoms.com.br\/?p=2911"},"modified":"2021-12-11T09:56:37","modified_gmt":"2021-12-11T12:56:37","slug":"angelo-guerreiro-inaugura-a-feira-central-de-tres-lagoas","status":"publish","type":"post","link":"https:\/\/expressaoms.com.br\/index.php\/2021\/12\/11\/angelo-guerreiro-inaugura-a-feira-central-de-tres-lagoas\/","title":{"rendered":"Angelo Guerreiro inaugura a Feira Central de Tr\u00eas Lagoas"},"content":{"rendered":"<p>Comemora\u00e7\u00e3o, emo\u00e7\u00e3o e muita alegria marcaram a inaugura\u00e7\u00e3o da Feira Central Tur\u00edstica de Tr\u00eas Lagoas. O evento aconteceu na noite de sexta-feira (10) e contou com a participa\u00e7\u00e3o de autoridades, feirantes e a popula\u00e7\u00e3o tr\u00eas-lagoense.<\/p>\n<p>A inaugura\u00e7\u00e3o da Feira Central representa para os feirantes a realiza\u00e7\u00e3o de um sonho, e segundo relatam, esta \u00e9 a oportunidade de trabalhar com mais seguran\u00e7a, oferecer um servi\u00e7o de maior qualidade e, como consequ\u00eancia, os profissionais esperam aumentar o faturamento ao final do m\u00eas.<\/p>\n<p>O Pr\u00e9dio fica localizado em frente \u00e0 Avenida Ros\u00e1rio Congro com a Rua Duque de Caxias e possui \u00e1rea de 5.500 m\u00b2 composto por 200 boxes para hortifr\u00fati, 37 espa\u00e7os gourmets, sanit\u00e1rios, pra\u00e7a de alimenta\u00e7\u00e3o, palco e \u00e1rea administrativa.<\/p>\n<p>Durante a cerim\u00f4nia desta sexta-feira (10) foi realizada a inaugura\u00e7\u00e3o da Pra\u00e7a de Alimenta\u00e7\u00e3o da Feira Central e a sess\u00e3o de hortifr\u00fati foi aberta ao p\u00fablico \u00e0s 5h deste s\u00e1bado (11).<\/p>\n<p>O presidente da Associa\u00e7\u00e3o dos Feirantes, Ahmed Fuad Saleh, agradeceu ao prefeito Angelo Guerreiro pelo presente que deu aos feirantes e a toda a sociedade tr\u00eas-lagoense.<\/p>\n<p>O Presidente da C\u00e2mara dos Vereadores, Cassiano Maia, disse que disse ao longo deste primeiro ano de uma gest\u00e3o realizada pela uni\u00e3o do legislativo e do executivo, foi poss\u00edvel trazer avan\u00e7os significativos para Tr\u00eas Lagoas.<\/p>\n<p>A ministra Tereza Cristina parabenizou o trabalho realizado pelo Prefeito Angelo Guerreiro, que \u00e9 incansavelmente em trazer recursos para Tr\u00eas Lagoas.<\/p>\n<p>O Governador Reinaldo Azambuja agradeceu a parceria com o Prefeito Angelo Guerreiro, e disse que o trabalho que vem sendo desenvolvido est\u00e1 trazendo de volta ao munic\u00edpio recursos que s\u00e3o de direito da popula\u00e7\u00e3o. Azambuja falou, ainda, sobre as novas etapas de importantes obras que foram autorizadas nesta sexta-feira (10) e que ser\u00e3o realizadas em Tr\u00eas Lagoas com recursos provenientes do governo do estado e com recursos pr\u00f3prios de Tr\u00eas Lagoas.<\/p>\n<p>O Secret\u00e1rio de Estado de Governo, Eduardo Rocha, disse estar muito feliz com a inaugura\u00e7\u00e3o do pr\u00e9dio que \u00e9 um sonho do munic\u00edpio.<\/p>\n<p>O prefeito Angelo Guerreiro disse que na pol\u00edtica \u00e9 preciso ter parceria para que as obras sejam realizadas e os anseios da popula\u00e7\u00e3o sejam atendidos. Guerreiro agradeceu a todas \u00e0s autoridades presentes pelos recursos que est\u00e3o sendo encaminhados para Tr\u00eas Lagoas avan\u00e7ar.<\/p>\n<p>Guerreiro anunciou aos feirantes que durante os pr\u00f3ximos 90 dias a cobran\u00e7a dos alvar\u00e1s est\u00e1 suspensa para que possam realizar as adequa\u00e7\u00f5es necess\u00e1rias em seus boxes e realizar investimentos em seus neg\u00f3cios.<\/p>\n<p>Ap\u00f3s a cerim\u00f4nia, Guerreiro declarou aberta oficialmente a Feira Central Tur\u00edstica de Tr\u00eas Lagoas.<\/p>\n<p>Durante o evento os tr\u00eas-lagoenses puderam contar com a apresenta\u00e7\u00e3o da cantora Silvia Rodrigues, o show do cantor Andr\u00e9 Santini que \u00e9 ex-integrante da Banda Alma Serrana, apresenta\u00e7\u00e3o do motociclista Jacar\u00e9 Dubrejo al\u00e9m de uma queima de fogos e o acender da \u00e1rvore de natal, a representa\u00e7\u00e3o da f\u00e9 crist\u00e3 e da esperan\u00e7a.<\/p>\n<p><strong>Pr\u00f3ximas Etapas<\/strong><\/p>\n<p>A Obra foi dividida em duas etapas, a inaugura\u00e7\u00e3o do &#8220;Barrac\u00e3o&#8221; teve como objetivo oferecer de imediato um local com mais qualidade e conforto aos comerciantes e popula\u00e7\u00e3o, sejam nos dias de sol ou chuva.<\/p>\n<p>J\u00e1 pronta para dar ordem de servi\u00e7o, a segunda etapa do Projeto est\u00e1 prevista para iniciar em janeiro de 2022 e prev\u00ea a constru\u00e7\u00e3o da infraestrutura entorno da Feira Central, com a cria\u00e7\u00e3o de 130 vagas de estacionamento, dep\u00f3sito e pavimenta\u00e7\u00e3o das ruas adjacentes.<\/p>\n<p><img fetchpriority=\"high\" decoding=\"async\" class=\"alignnone size-full wp-image-2913\" src=\"https:\/\/expressaoms.com.br\/wp-content\/uploads\/2021\/12\/IMG-20211211-WA0171-1024x682-1.jpg\" alt=\"\" width=\"1024\" height=\"682\" srcset=\"https:\/\/expressaoms.com.br\/wp-content\/uploads\/2021\/12\/IMG-20211211-WA0171-1024x682-1.jpg 1024w, https:\/\/expressaoms.com.br\/wp-content\/uploads\/2021\/12\/IMG-20211211-WA0171-1024x682-1-300x200.jpg 300w, https:\/\/expressaoms.com.br\/wp-content\/uploads\/2021\/12\/IMG-20211211-WA0171-1024x682-1-768x512.jpg 768w\" sizes=\"(max-width: 1024px) 100vw, 1024px\" \/><\/p>\n<p><img decoding=\"async\" class=\"alignnone size-full wp-image-2914\" src=\"https:\/\/expressaoms.com.br\/wp-content\/uploads\/2021\/12\/IMG-20211211-WA0186-1024x682-1.jpg\" alt=\"\" width=\"1024\" height=\"682\" srcset=\"https:\/\/expressaoms.com.br\/wp-content\/uploads\/2021\/12\/IMG-20211211-WA0186-1024x682-1.jpg 1024w, https:\/\/expressaoms.com.br\/wp-content\/uploads\/2021\/12\/IMG-20211211-WA0186-1024x682-1-300x200.jpg 300w, https:\/\/expressaoms.com.br\/wp-content\/uploads\/2021\/12\/IMG-20211211-WA0186-1024x682-1-768x512.jpg 768w\" sizes=\"(max-width: 1024px) 100vw, 1024px\" \/><\/p>\n<p><img decoding=\"async\" class=\"alignnone size-full wp-image-2915\" src=\"https:\/\/expressaoms.com.br\/wp-content\/uploads\/2021\/12\/IMG-20211211-WA0199-1024x682-1.jpg\" alt=\"\" width=\"1024\" height=\"682\" srcset=\"https:\/\/expressaoms.com.br\/wp-content\/uploads\/2021\/12\/IMG-20211211-WA0199-1024x682-1.jpg 1024w, https:\/\/expressaoms.com.br\/wp-content\/uploads\/2021\/12\/IMG-20211211-WA0199-1024x682-1-300x200.jpg 300w, https:\/\/expressaoms.com.br\/wp-content\/uploads\/2021\/12\/IMG-20211211-WA0199-1024x682-1-768x512.jpg 768w\" sizes=\"(max-width: 1024px) 100vw, 1024px\" \/><\/p>\n<p><img loading=\"lazy\" decoding=\"async\" class=\"alignnone size-full wp-image-2916\" src=\"https:\/\/expressaoms.com.br\/wp-content\/uploads\/2021\/12\/IMG-20211211-WA0195-1024x682-1.jpg\" alt=\"\" width=\"1024\" height=\"682\" srcset=\"https:\/\/expressaoms.com.br\/wp-content\/uploads\/2021\/12\/IMG-20211211-WA0195-1024x682-1.jpg 1024w, https:\/\/expressaoms.com.br\/wp-content\/uploads\/2021\/12\/IMG-20211211-WA0195-1024x682-1-300x200.jpg 300w, https:\/\/expressaoms.com.br\/wp-content\/uploads\/2021\/12\/IMG-20211211-WA0195-1024x682-1-768x512.jpg 768w\" sizes=\"(max-width: 1024px) 100vw, 1024px\" \/><\/p>\n<p><img loading=\"lazy\" decoding=\"async\" class=\"alignnone size-full wp-image-2917\" src=\"https:\/\/expressaoms.com.br\/wp-content\/uploads\/2021\/12\/IMG-20211211-WA0184-1024x682-1.jpg\" alt=\"\" width=\"1024\" height=\"682\" srcset=\"https:\/\/expressaoms.com.br\/wp-content\/uploads\/2021\/12\/IMG-20211211-WA0184-1024x682-1.jpg 1024w, https:\/\/expressaoms.com.br\/wp-content\/uploads\/2021\/12\/IMG-20211211-WA0184-1024x682-1-300x200.jpg 300w, https:\/\/expressaoms.com.br\/wp-content\/uploads\/2021\/12\/IMG-20211211-WA0184-1024x682-1-768x512.jpg 768w\" sizes=\"(max-width: 1024px) 100vw, 1024px\" \/><\/p>\n","protected":false},"excerpt":{"rendered":"<p>Comemora\u00e7\u00e3o, emo\u00e7\u00e3o e muita alegria marcaram a inaugura\u00e7\u00e3o da Feira Central Tur\u00edstica de Tr\u00eas Lagoas. O evento aconteceu na noite de sexta-feira (10) e contou com a participa\u00e7\u00e3o de autoridades, feirantes e a popula\u00e7\u00e3o tr\u00eas-lagoense. A inaugura\u00e7\u00e3o da Feira Central representa para os feirantes a realiza\u00e7\u00e3o de um sonho, e segundo relatam, esta \u00e9 a [&hellip;]<\/p>\n","protected":false},"author":3,"featured_media":2912,"comment_status":"open","ping_status":"open","sticky":false,"template":"","format":"standard","meta":{"om_disable_all_campaigns":false,"_monsterinsights_skip_tracking":false,"_monsterinsights_sitenote_active":false,"_monsterinsights_sitenote_note":"","_monsterinsights_sitenote_category":0,"footnotes":""},"categories":[30,42,48],"tags":[],"aioseo_notices":[],"_links":{"self":[{"href":"https:\/\/expressaoms.com.br\/index.php\/wp-json\/wp\/v2\/posts\/2911"}],"collection":[{"href":"https:\/\/expressaoms.com.br\/index.php\/wp-json\/wp\/v2\/posts"}],"about":[{"href":"https:\/\/expressaoms.com.br\/index.php\/wp-json\/wp\/v2\/types\/post"}],"author":[{"embeddable":true,"href":"https:\/\/expressaoms.com.br\/index.php\/wp-json\/wp\/v2\/users\/3"}],"replies":[{"embeddable":true,"href":"https:\/\/expressaoms.com.br\/index.php\/wp-json\/wp\/v2\/comments?post=2911"}],"version-history":[{"count":1,"href":"https:\/\/expressaoms.com.br\/index.php\/wp-json\/wp\/v2\/posts\/2911\/revisions"}],"predecessor-version":[{"id":2918,"href":"https:\/\/expressaoms.com.br\/index.php\/wp-json\/wp\/v2\/posts\/2911\/revisions\/2918"}],"wp:featuredmedia":[{"embeddable":true,"href":"https:\/\/expressaoms.com.br\/index.php\/wp-json\/wp\/v2\/media\/2912"}],"wp:attachment":[{"href":"https:\/\/expressaoms.com.br\/index.php\/wp-json\/wp\/v2\/media?parent=2911"}],"wp:term":[{"taxonomy":"category","embeddable":true,"href":"https:\/\/expressaoms.com.br\/index.php\/wp-json\/wp\/v2\/categories?post=2911"},{"taxonomy":"post_tag","embeddable":true,"href":"https:\/\/expressaoms.com.br\/index.php\/wp-json\/wp\/v2\/tags?post=2911"}],"curies":[{"name":"wp","href":"https:\/\/api.w.org\/{rel}","templated":true}]}}