{"id":2922,"date":"2021-12-11T10:15:15","date_gmt":"2021-12-11T13:15:15","guid":{"rendered":"https:\/\/expressaoms.com.br\/?p=2922"},"modified":"2021-12-11T10:15:15","modified_gmt":"2021-12-11T13:15:15","slug":"tres-lagoas-vence-a-11o-etapa-do-fetran-nas-categorias-espetaculo-infantil-e-melhor-atriz","status":"publish","type":"post","link":"https:\/\/expressaoms.com.br\/index.php\/2021\/12\/11\/tres-lagoas-vence-a-11o-etapa-do-fetran-nas-categorias-espetaculo-infantil-e-melhor-atriz\/","title":{"rendered":"Tr\u00eas Lagoas vence a 11\u00ba Etapa do FETRAN, nas categorias espet\u00e1culo infantil e melhor atriz"},"content":{"rendered":"<p>Pela primeira vez, Tr\u00eas Lagoas venceu o Festival Estudantil Tem\u00e1tico de Tr\u00e2nsito (FETRAN) promovido pela Pol\u00edcia Rodovi\u00e1ria Federal (PRF), a cidade foi representada pela Escola Municipal &#8220;Ramez Tebet&#8221; e levou o trof\u00e9u nas categorias espet\u00e1culo infantil e melhor atriz.<\/p>\n<p>Para chegar at\u00e9 o caminho da vit\u00f3ria, o espet\u00e1culo &#8220;Tudo o que voc\u00ea pode ser&#8221; enfrentou outros 35 outros munic\u00edpios de Mato Grosso do Sul. A melhor coloca\u00e7\u00e3o da cidade at\u00e9 ent\u00e3o foi um terceiro lugar no ano de 2016, no Festival iniciado em 2010.<\/p>\n<p><strong>Melhor espet\u00e1culo infantil<\/strong><\/p>\n<p>Estrelada por alunos do 4\u00ba e 5\u00ba ano da &#8220;Ramez Tebet&#8221;, a pe\u00e7a contou a hist\u00f3ria de uma menina que vive triste pela perda de seus pais em um acidente de tr\u00e2nsito. Seus brinquedos ganham vida e passam a incentiv\u00e1-la a voltar a ter alegria, principalmente, na rela\u00e7\u00e3o com av\u00f3, respons\u00e1vel por sua cria\u00e7\u00e3o ap\u00f3s a trag\u00e9dia.<\/p>\n<p>Professor respons\u00e1vel pelo espet\u00e1culo, Luiz Cl\u00e1udio Ferreira esclarece que a pe\u00e7a foi concebida para falar sobre como lidar com as perdas, por conta do momento que vivenciamos com a Pandemia. &#8221; Por\u00e9m, como o festival trata sobre o assunto tr\u00e2nsito, canalizamos para esta vertente que tamb\u00e9m tem grande incid\u00eancia de morte&#8221;, disse<\/p>\n<p>Luiz explicou que em abril foi iniciado o processo de concep\u00e7\u00e3o da pe\u00e7a, com a cria\u00e7\u00e3o do texto e articula\u00e7\u00e3o com os gestores da escola para a inscri\u00e7\u00e3o no festival, nos meses seguintes houve o teste de composi\u00e7\u00e3o de elenco e in\u00edcio dos ensaios, marca\u00e7\u00f5es e provas de figurino, no m\u00eas de outubro foram intensificadas as encena\u00e7\u00f5es, reconhecimento de palco at\u00e9 o dia 29 de outubro, data da apresenta\u00e7\u00e3o.<\/p>\n<p><strong>Melhor atriz<\/strong><\/p>\n<p>A aluna do 5\u00ba ano C, Fernanda Torres Ozanik, de 11 anos, foi premiada na categoria melhor atriz, interpretando a personagem principal da pe\u00e7a, Menina Barbie, outra premia\u00e7\u00e3o in\u00e9dita para Tr\u00eas Lagoas.<\/p>\n<p>Apesar da desenvoltura, engana-se quem pensa que Fernanda est\u00e1 acostumada com os palcos, essa foi a primeira vez que a menina participou de uma pe\u00e7a, mas a prepara\u00e7\u00e3o foi \u00e1rdua.<\/p>\n<p>&#8220;Todos os dias eu ensaiava o texto com a minha m\u00e3e, e o professor me ligava tamb\u00e9m para saber como eu estava me sentido e como estava meu psicol\u00f3gico. Estou muito contente e quero continuar no mundo da arte&#8217;, disse Fernanda que citou como inspira\u00e7\u00e3o as atrizes mirins Ma\u00edsa e Larissa Manoela, al\u00e9m de sua m\u00e3e que \u00e9 Miss Plus Golden MS.<\/p>\n<p>O Munic\u00edpio tamb\u00e9m foi premiado nas categorias arte visual e texto, na segunda coloca\u00e7\u00e3o.<\/p>\n<p>Empolgado e muito contente com o resultado, o diretor da Escola, Jefferson Martins disse: &#8220;\u00c9 a coroa\u00e7\u00e3o e reconhecimento do trabalho do professor Luiz Cl\u00e1udio apoiado por toda escola. Sab\u00edamos que os estudantes haviam feito uma bela apresenta\u00e7\u00e3o, mas devido a competi\u00e7\u00e3o ficamos ansiosos pelo resultado que foi o melhor poss\u00edvel&#8221;, finalizou agradecido.<\/p>\n<p><strong>Ficha t\u00e9cnica:<\/strong><\/p>\n<p>Escola: Escola Municipal Professor Ramez Tebet<\/p>\n<p>Pe\u00e7a: Tudo o que voc\u00ea pode ser&#8221;<\/p>\n<p>Categoria: Infantil \u2013 FETRAN MS 2021<\/p>\n<p>Turma: 4\u00ba ano C e 5\u00ba Ano C<\/p>\n<p>Professor Respons\u00e1vel: Luiz Cl\u00e1udio Ferreira<\/p>\n<p>Colabora\u00e7\u00e3o: Osmarina Fernandes , Guilherme Lemes (ilumina\u00e7\u00e3o) e Paola Leiko (Coreografias)<\/p>\n<p>Diretores da Escola: Jefferson Martins e M\u00e1rcia Guimar\u00e3es<\/p>\n<p><strong>Elenco:<\/strong><\/p>\n<p>Ana Paula Santos de Oliveira \u2013 9 anos \u2013 4\u00ba ano C<\/p>\n<p>Gabriel Felype Silva Gomes \u2013 9 anos \u2013 4\u00ba ano C<\/p>\n<p>Maria Clara Gomes da Silva Pires \u2013 10 anos \u2013 4\u00ba ano C<\/p>\n<p>Fernanda Torres Ozanik \u2013 11 anos \u2013 5\u00ba ano C<\/p>\n<p>Ot\u00e1vio Augusto Dias Ramos Porto \u2013 11 anos \u2013 5\u00ba ano C<\/p>\n<p>Tauanny Ketlyn Souza Benites \u2013 10 anos \u2013 5\u00ba ano C<\/p>\n<p><strong>Apoio de palco e reservas<\/strong><\/p>\n<p>Vitor Lucas Maciel Cavalcanti dos Santos \u2013 11 anos \u2013 5\u00ba ano C<\/p>\n<p>Adrieli Vit\u00f3ria da Silva Barbosa \u2013 10 anos \u2013 4\u00ba ano C<\/p>\n<p>Ana Beatriz Salgado Medeiros \u2013 10 an0s \u2013 5\u00ba ano C<\/p>\n<p><img fetchpriority=\"high\" decoding=\"async\" class=\"alignnone size-full wp-image-2924\" src=\"https:\/\/expressaoms.com.br\/wp-content\/uploads\/2021\/12\/FETRAN-12.jpeg\" alt=\"\" width=\"1200\" height=\"800\" srcset=\"https:\/\/expressaoms.com.br\/wp-content\/uploads\/2021\/12\/FETRAN-12.jpeg 1200w, https:\/\/expressaoms.com.br\/wp-content\/uploads\/2021\/12\/FETRAN-12-300x200.jpeg 300w, https:\/\/expressaoms.com.br\/wp-content\/uploads\/2021\/12\/FETRAN-12-1024x683.jpeg 1024w, https:\/\/expressaoms.com.br\/wp-content\/uploads\/2021\/12\/FETRAN-12-768x512.jpeg 768w\" sizes=\"(max-width: 1200px) 100vw, 1200px\" \/><\/p>\n<p><img decoding=\"async\" class=\"alignnone size-full wp-image-2925\" src=\"https:\/\/expressaoms.com.br\/wp-content\/uploads\/2021\/12\/FETRAN-1.jpg\" alt=\"\" width=\"1000\" height=\"667\" srcset=\"https:\/\/expressaoms.com.br\/wp-content\/uploads\/2021\/12\/FETRAN-1.jpg 1000w, https:\/\/expressaoms.com.br\/wp-content\/uploads\/2021\/12\/FETRAN-1-300x200.jpg 300w, https:\/\/expressaoms.com.br\/wp-content\/uploads\/2021\/12\/FETRAN-1-768x512.jpg 768w\" sizes=\"(max-width: 1000px) 100vw, 1000px\" \/><\/p>\n","protected":false},"excerpt":{"rendered":"<p>Pela primeira vez, Tr\u00eas Lagoas venceu o Festival Estudantil Tem\u00e1tico de Tr\u00e2nsito (FETRAN) promovido pela Pol\u00edcia Rodovi\u00e1ria Federal (PRF), a cidade foi representada pela Escola Municipal &#8220;Ramez Tebet&#8221; e levou o trof\u00e9u nas categorias espet\u00e1culo infantil e melhor atriz. Para chegar at\u00e9 o caminho da vit\u00f3ria, o espet\u00e1culo &#8220;Tudo o que voc\u00ea pode ser&#8221; enfrentou [&hellip;]<\/p>\n","protected":false},"author":3,"featured_media":2923,"comment_status":"open","ping_status":"open","sticky":false,"template":"","format":"standard","meta":{"om_disable_all_campaigns":false,"_monsterinsights_skip_tracking":false,"_monsterinsights_sitenote_active":false,"_monsterinsights_sitenote_note":"","_monsterinsights_sitenote_category":0,"footnotes":""},"categories":[29,30,36,48],"tags":[],"aioseo_notices":[],"_links":{"self":[{"href":"https:\/\/expressaoms.com.br\/index.php\/wp-json\/wp\/v2\/posts\/2922"}],"collection":[{"href":"https:\/\/expressaoms.com.br\/index.php\/wp-json\/wp\/v2\/posts"}],"about":[{"href":"https:\/\/expressaoms.com.br\/index.php\/wp-json\/wp\/v2\/types\/post"}],"author":[{"embeddable":true,"href":"https:\/\/expressaoms.com.br\/index.php\/wp-json\/wp\/v2\/users\/3"}],"replies":[{"embeddable":true,"href":"https:\/\/expressaoms.com.br\/index.php\/wp-json\/wp\/v2\/comments?post=2922"}],"version-history":[{"count":1,"href":"https:\/\/expressaoms.com.br\/index.php\/wp-json\/wp\/v2\/posts\/2922\/revisions"}],"predecessor-version":[{"id":2926,"href":"https:\/\/expressaoms.com.br\/index.php\/wp-json\/wp\/v2\/posts\/2922\/revisions\/2926"}],"wp:featuredmedia":[{"embeddable":true,"href":"https:\/\/expressaoms.com.br\/index.php\/wp-json\/wp\/v2\/media\/2923"}],"wp:attachment":[{"href":"https:\/\/expressaoms.com.br\/index.php\/wp-json\/wp\/v2\/media?parent=2922"}],"wp:term":[{"taxonomy":"category","embeddable":true,"href":"https:\/\/expressaoms.com.br\/index.php\/wp-json\/wp\/v2\/categories?post=2922"},{"taxonomy":"post_tag","embeddable":true,"href":"https:\/\/expressaoms.com.br\/index.php\/wp-json\/wp\/v2\/tags?post=2922"}],"curies":[{"name":"wp","href":"https:\/\/api.w.org\/{rel}","templated":true}]}}