{"id":29373,"date":"2024-08-14T11:23:19","date_gmt":"2024-08-14T15:23:19","guid":{"rendered":"https:\/\/expressaoms.com.br\/?p=29373"},"modified":"2024-08-14T11:38:54","modified_gmt":"2024-08-14T15:38:54","slug":"deu-ate-fome-veja-o-que-tera-na-praca-de-alimentacao-da-34a-festa-do-folclore-de-tres-lagoas","status":"publish","type":"post","link":"https:\/\/expressaoms.com.br\/index.php\/2024\/08\/14\/deu-ate-fome-veja-o-que-tera-na-praca-de-alimentacao-da-34a-festa-do-folclore-de-tres-lagoas\/","title":{"rendered":"DEU AT\u00c9 FOME \u2013 Veja o que ter\u00e1 na pra\u00e7a de alimenta\u00e7\u00e3o da 34\u00aa Festa do Folclore de Tr\u00eas Lagoas"},"content":{"rendered":"<ul class=\"wp-block-list\">\n<li data-raofz=\"16\">\n<p data-raofz=\"16\">A 34\u00aa edi\u00e7\u00e3o da Festa do Folclore de Tr\u00eas Lagoas est\u00e1 chegando e ser\u00e1 realizada de 22 a 25 de agosto na Esplana NOB, prometendo grandes shows nacionais e locais, al\u00e9m de muito lazer com ampla infraestrutura de palco, parque de divers\u00e3o, bem-estar e muita seguran\u00e7a para toda a fam\u00edlia tr\u00eas-lagoense. Mas, um evento como esse n\u00e3o seria o mesmo sem as comidas t\u00edpicas.<\/p>\n<p data-raofz=\"16\"><strong>A pra\u00e7a de alimenta\u00e7\u00e3o deste ano est\u00e1 repleta de op\u00e7\u00f5es deliciosas, oferecidas por diversas institui\u00e7\u00f5es locais. Confira o que cada uma delas estar\u00e1 vendendo:<\/strong><\/p>\n<ul class=\"wp-block-list\">\n<li data-raofz=\"16\"><strong>Clube de Carros Antigos<\/strong>: Lanche de pernil<\/li>\n<li data-raofz=\"16\"><strong>Lions Clube<\/strong>: Macarr\u00e3o na chapa<\/li>\n<li data-raofz=\"16\"><strong>Andr\u00e9a Pastel\u00e3o<\/strong>: Pastel\u00e3o e salgado no copo<\/li>\n<li data-raofz=\"16\"><strong>Grupo Escoteiros Guaicurus<\/strong>: Batata frita<\/li>\n<li data-raofz=\"16\"><strong>A Candeia<\/strong>: Pastel<\/li>\n<li data-raofz=\"16\"><strong>Pizza House<\/strong>: Mini pizza<\/li>\n<li data-raofz=\"16\"><strong>Mari (Gumas Bar)<\/strong>: Caldo e peixe frito<\/li>\n<li data-raofz=\"16\"><strong>Associa\u00e7\u00e3o de Pais e Mestres do CEI Santa Luzia<\/strong>: Espetinho, arroz, mandioca, farofa, feij\u00e3o com bacon, vinagrete<\/li>\n<li data-raofz=\"16\"><strong>JJ Fast Food<\/strong>: Por\u00e7\u00f5es de ceviche, frango e calabresa<\/li>\n<li data-raofz=\"16\"><strong>SK Burger<\/strong>: Hamb\u00farguer<\/li>\n<li data-raofz=\"16\"><strong>Par\u00f3quia Santa Rita de C\u00e1ssia<\/strong>: Pastel\u00e3o<\/li>\n<li data-raofz=\"16\"><strong>Umadetelar<\/strong>: Hamb\u00farguer<\/li>\n<li data-raofz=\"16\"><strong>Willian Barbecue<\/strong>: Defumados: torresmo, costela, espetinho, lanche de pernil defumado<\/li>\n<li data-raofz=\"16\"><strong>Igreja Nazareno<\/strong>: Escondidinho<\/li>\n<li data-raofz=\"16\"><strong>Igreja Besor<\/strong>: Cachorro quente e batata frita<\/li>\n<li data-raofz=\"16\"><strong>Hospital Auxiliadora<\/strong>: Cachorro quente ao molho<\/li>\n<li data-raofz=\"16\"><strong>Ter\u00e7o dos Homens Nsa Sra Aparecida<\/strong>: pastel, picanha no tacho e batata frita<\/li>\n<li data-raofz=\"16\"><strong>Associa\u00e7\u00e3o de Pais de Autistas (AMA)<\/strong>: Crepe su\u00ed\u00e7o, Batata chips, Sorvete americano o sorvetinho da inf\u00e2ncia Bentinho<\/li>\n<li data-raofz=\"16\"><strong>Mauro Batidas<\/strong>: batidas e milho cozido<\/li>\n<li data-raofz=\"16\"><strong>Par\u00f3quia S\u00e3o Francisco de Assis<\/strong>: espetinho<\/li>\n<li data-raofz=\"16\"><strong>Rede Feminina<\/strong>: cartoqueira \u2013 lanche de carbe<\/li>\n<li data-raofz=\"16\"><strong>A Candeia<\/strong>: pastel<\/li>\n<li data-raofz=\"16\"><strong>Uni\u00e3o das Mocidades das Assembleias de Deus e Regi\u00e3o (Umadetlar)<\/strong>: hamb\u00farguer<\/li>\n<li data-raofz=\"16\"><strong>Associa\u00e7\u00e3o de Moradores do Bairro Paranapung\u00e1\/UTAM<\/strong>: caldos e feij\u00e3o tropeiro<\/li>\n<li data-raofz=\"16\"><strong>Ma\u00e7onaria S\u00e3o Jo\u00e3o<\/strong>: p\u00e3o com lingui\u00e7a<\/li>\n<li data-raofz=\"16\"><strong>Edson Igreja Assembleia de Deus<\/strong>: batata recheada<\/li>\n<li data-raofz=\"16\"><strong>Associa\u00e7\u00e3o Cidade Legal<\/strong>: minisalgados<\/li>\n<li data-raofz=\"16\"><strong>Brutus (Padre Rog\u00e9rio)<\/strong>: Churrasco<\/li>\n<\/ul>\n<p data-raofz=\"16\"><strong>Programa\u00e7\u00e3o Musical Confirmada<\/strong><\/p>\n<p data-raofz=\"16\">A programa\u00e7\u00e3o musical para os quatro dias de evento inclui grandes nomes da m\u00fasica brasileira:<\/p>\n<ul class=\"wp-block-list\">\n<li data-raofz=\"16\"><strong>22\/08: Roupa Nova<\/strong>\u00a0Uma das bandas mais ic\u00f4nicas do Brasil, conhecida por suas baladas rom\u00e2nticas e hits atemporais como \u201cDona\u201d, \u201cCora\u00e7\u00e3o Pirata\u201d e \u201cWhisky a Go-Go\u201d.<\/li>\n<li data-raofz=\"16\"><strong>23\/08: Israel e Rodolffo<\/strong>\u00a0A dupla sertaneja \u00e9 famosa por m\u00fasicas animadas e letras que falam sobre amor e cotidiano, com hits como \u201cBatom de Cereja\u201d e \u201cS\u00f3 de Sacanagem\u201d.<\/li>\n<li data-raofz=\"16\"><strong>24\/08: Neto e Jr e C\u00e9sar Menotti e Fabiano<\/strong>\u00a0Neto e Jr trazem um repert\u00f3rio que mistura sertanejo e m\u00fasicas populares. C\u00e9sar Menotti e Fabiano s\u00e3o conhecidos por sucessos como \u201cLeil\u00e3o\u201d e \u201cComo Um Anjo\u201d.<\/li>\n<li data-raofz=\"16\"><strong>25\/08: Jo\u00e3o Bosco e Vin\u00edcius<\/strong>\u00a0Pioneiros do sertanejo universit\u00e1rio, a dupla \u00e9 conhecida por sucessos como \u201cChora, Me Liga\u201d e \u201cCora\u00e7\u00e3o S\u00f3 V\u00ea Voc\u00ea\u201d.<\/li>\n<\/ul>\n<p data-raofz=\"16\">Antes dos shows principais, haver\u00e1 apresenta\u00e7\u00f5es de artistas locais e folcl\u00f3ricos que ainda ser\u00e3o anunciadas.<\/p>\n<p data-raofz=\"16\">Prepare-se para quatro dias de muita divers\u00e3o, m\u00fasica e, claro, deliciosas comidas t\u00edpicas na 34\u00aa Festa do Folclore de Tr\u00eas Lagoas!<\/p>\n<\/li>\n<\/ul>\n","protected":false},"excerpt":{"rendered":"<p>A 34\u00aa edi\u00e7\u00e3o da Festa do Folclore de Tr\u00eas Lagoas est\u00e1 chegando e ser\u00e1 realizada de 22 a 25 de agosto na Esplana NOB, prometendo grandes shows nacionais e locais, al\u00e9m de muito lazer com ampla infraestrutura de palco, parque de divers\u00e3o, bem-estar e muita seguran\u00e7a para toda a fam\u00edlia tr\u00eas-lagoense. Mas, um evento como [&hellip;]<\/p>\n","protected":false},"author":2,"featured_media":29376,"comment_status":"open","ping_status":"open","sticky":false,"template":"","format":"standard","meta":{"om_disable_all_campaigns":false,"_monsterinsights_skip_tracking":false,"_monsterinsights_sitenote_active":false,"_monsterinsights_sitenote_note":"","_monsterinsights_sitenote_category":0,"footnotes":""},"categories":[35,48],"tags":[],"aioseo_notices":[],"_links":{"self":[{"href":"https:\/\/expressaoms.com.br\/index.php\/wp-json\/wp\/v2\/posts\/29373"}],"collection":[{"href":"https:\/\/expressaoms.com.br\/index.php\/wp-json\/wp\/v2\/posts"}],"about":[{"href":"https:\/\/expressaoms.com.br\/index.php\/wp-json\/wp\/v2\/types\/post"}],"author":[{"embeddable":true,"href":"https:\/\/expressaoms.com.br\/index.php\/wp-json\/wp\/v2\/users\/2"}],"replies":[{"embeddable":true,"href":"https:\/\/expressaoms.com.br\/index.php\/wp-json\/wp\/v2\/comments?post=29373"}],"version-history":[{"count":2,"href":"https:\/\/expressaoms.com.br\/index.php\/wp-json\/wp\/v2\/posts\/29373\/revisions"}],"predecessor-version":[{"id":29388,"href":"https:\/\/expressaoms.com.br\/index.php\/wp-json\/wp\/v2\/posts\/29373\/revisions\/29388"}],"wp:featuredmedia":[{"embeddable":true,"href":"https:\/\/expressaoms.com.br\/index.php\/wp-json\/wp\/v2\/media\/29376"}],"wp:attachment":[{"href":"https:\/\/expressaoms.com.br\/index.php\/wp-json\/wp\/v2\/media?parent=29373"}],"wp:term":[{"taxonomy":"category","embeddable":true,"href":"https:\/\/expressaoms.com.br\/index.php\/wp-json\/wp\/v2\/categories?post=29373"},{"taxonomy":"post_tag","embeddable":true,"href":"https:\/\/expressaoms.com.br\/index.php\/wp-json\/wp\/v2\/tags?post=29373"}],"curies":[{"name":"wp","href":"https:\/\/api.w.org\/{rel}","templated":true}]}}