{"id":29678,"date":"2024-09-10T16:58:00","date_gmt":"2024-09-10T20:58:00","guid":{"rendered":"https:\/\/expressaoms.com.br\/?p=29678"},"modified":"2024-09-10T16:58:00","modified_gmt":"2024-09-10T20:58:00","slug":"homem-e-preso-em-tres-lagoas-por-descumprir-medida-protetiva-e-ameacar-familiares","status":"publish","type":"post","link":"https:\/\/expressaoms.com.br\/index.php\/2024\/09\/10\/homem-e-preso-em-tres-lagoas-por-descumprir-medida-protetiva-e-ameacar-familiares\/","title":{"rendered":"Homem \u00e9 preso em Tr\u00eas Lagoas por descumprir medida protetiva e amea\u00e7ar familiares"},"content":{"rendered":"<div class=\"flex max-w-full flex-col flex-grow\">\n<div class=\"min-h-[20px] text-message flex w-full flex-col items-end gap-2 whitespace-normal break-words [.text-message+&amp;]:mt-5\" dir=\"auto\" data-message-author-role=\"assistant\" data-message-id=\"11ab9535-207e-4898-9778-258cbeafabea\">\n<div class=\"flex w-full flex-col gap-1 empty:hidden first:pt-[3px]\">\n<div class=\"markdown prose w-full break-words dark:prose-invert dark\">\n<p>Na tarde da \u00faltima segunda-feira (9), um jovem de 23 anos foi preso em Tr\u00eas Lagoas ap\u00f3s desrespeitar uma medida protetiva. O incidente ocorreu no bairro Centro, na Vila Vicentina, envolvendo amea\u00e7as \u00e0 pr\u00f3pria m\u00e3e e irm\u00e3 do suspeito, ambas v\u00edtimas de viol\u00eancia dom\u00e9stica.<\/p>\n<p>A m\u00e3e, de 48 anos, havia conseguido uma ordem judicial que determinava que o filho se mantivesse a 300 metros de dist\u00e2ncia delas, devido a comportamentos agressivos associados ao uso de \u00e1lcool e drogas. No entanto, o homem, armado com uma faca e em evidente estado de agressividade, desobedeceu a ordem e amea\u00e7ou a fam\u00edlia.<\/p>\n<p>Mesmo com a chegada da Pol\u00edcia Militar, o suspeito resistiu \u00e0 pris\u00e3o, intensificando a tens\u00e3o do momento. Durante a abordagem, ele danificou a porta de metal do compartimento de deten\u00e7\u00e3o, ferindo a pr\u00f3pria m\u00e3o ao bater na estrutura. Ap\u00f3s ser contido, o jovem foi encaminhado \u00e0 Delegacia de Pronto Atendimento Comunit\u00e1rio (Depac) de Tr\u00eas Lagoas, onde est\u00e1 \u00e0 disposi\u00e7\u00e3o das autoridades.<\/p>\n<p>A viol\u00eancia na fam\u00edlia \u00e9 recorrente, e os familiares vivem em constante medo, uma vez que o jovem frequentemente retorna ap\u00f3s ser liberado. O caso segue em investiga\u00e7\u00e3o, e as autoridades acompanham a situa\u00e7\u00e3o para evitar novos epis\u00f3dios de viol\u00eancia.<\/p>\n<p>A reincid\u00eancia de desrespeito \u00e0s medidas protetivas preocupa as autoridades, que buscam uma solu\u00e7\u00e3o para garantir a seguran\u00e7a da fam\u00edlia.<\/p>\n<\/div>\n<\/div>\n<\/div>\n<\/div>\n","protected":false},"excerpt":{"rendered":"<p>Na tarde da \u00faltima segunda-feira (9), um jovem de 23 anos foi preso em Tr\u00eas Lagoas ap\u00f3s desrespeitar uma medida protetiva. O incidente ocorreu no bairro Centro, na Vila Vicentina, envolvendo amea\u00e7as \u00e0 pr\u00f3pria m\u00e3e e irm\u00e3 do suspeito, ambas v\u00edtimas de viol\u00eancia dom\u00e9stica. A m\u00e3e, de 48 anos, havia conseguido uma ordem judicial que [&hellip;]<\/p>\n","protected":false},"author":2,"featured_media":29679,"comment_status":"open","ping_status":"open","sticky":false,"template":"","format":"standard","meta":{"om_disable_all_campaigns":false,"_monsterinsights_skip_tracking":false,"_monsterinsights_sitenote_active":false,"_monsterinsights_sitenote_note":"","_monsterinsights_sitenote_category":0,"footnotes":""},"categories":[41,48],"tags":[],"aioseo_notices":[],"_links":{"self":[{"href":"https:\/\/expressaoms.com.br\/index.php\/wp-json\/wp\/v2\/posts\/29678"}],"collection":[{"href":"https:\/\/expressaoms.com.br\/index.php\/wp-json\/wp\/v2\/posts"}],"about":[{"href":"https:\/\/expressaoms.com.br\/index.php\/wp-json\/wp\/v2\/types\/post"}],"author":[{"embeddable":true,"href":"https:\/\/expressaoms.com.br\/index.php\/wp-json\/wp\/v2\/users\/2"}],"replies":[{"embeddable":true,"href":"https:\/\/expressaoms.com.br\/index.php\/wp-json\/wp\/v2\/comments?post=29678"}],"version-history":[{"count":1,"href":"https:\/\/expressaoms.com.br\/index.php\/wp-json\/wp\/v2\/posts\/29678\/revisions"}],"predecessor-version":[{"id":29680,"href":"https:\/\/expressaoms.com.br\/index.php\/wp-json\/wp\/v2\/posts\/29678\/revisions\/29680"}],"wp:featuredmedia":[{"embeddable":true,"href":"https:\/\/expressaoms.com.br\/index.php\/wp-json\/wp\/v2\/media\/29679"}],"wp:attachment":[{"href":"https:\/\/expressaoms.com.br\/index.php\/wp-json\/wp\/v2\/media?parent=29678"}],"wp:term":[{"taxonomy":"category","embeddable":true,"href":"https:\/\/expressaoms.com.br\/index.php\/wp-json\/wp\/v2\/categories?post=29678"},{"taxonomy":"post_tag","embeddable":true,"href":"https:\/\/expressaoms.com.br\/index.php\/wp-json\/wp\/v2\/tags?post=29678"}],"curies":[{"name":"wp","href":"https:\/\/api.w.org\/{rel}","templated":true}]}}