{"id":29681,"date":"2024-09-10T17:00:33","date_gmt":"2024-09-10T21:00:33","guid":{"rendered":"https:\/\/expressaoms.com.br\/?p=29681"},"modified":"2024-09-10T17:00:33","modified_gmt":"2024-09-10T21:00:33","slug":"mulher-pede-socorro-em-carta-deixada-na-escola-da-filha-apos-violencia-domestica-em-tres-lagoas","status":"publish","type":"post","link":"https:\/\/expressaoms.com.br\/index.php\/2024\/09\/10\/mulher-pede-socorro-em-carta-deixada-na-escola-da-filha-apos-violencia-domestica-em-tres-lagoas\/","title":{"rendered":"Mulher pede socorro em carta deixada na escola da filha ap\u00f3s viol\u00eancia dom\u00e9stica em Tr\u00eas Lagoas"},"content":{"rendered":"<p>Na segunda-feira (9), a Delegacia de Pronto Atendimento Comunit\u00e1rio (Depac) de Tr\u00eas Lagoas registrou um caso grave de viol\u00eancia dom\u00e9stica no bairro Santa Luzia. O epis\u00f3dio veio \u00e0 tona quando uma m\u00e3e, em desespero, deixou uma carta pedindo ajuda na escola de sua filha, revelando que estava sob risco de morte.<\/p>\n<p>Segundo o relato da v\u00edtima, o marido a agrediu fisicamente durante toda a noite anterior, com chutes, pontap\u00e9s e tapas no rosto. Ele ainda a insultou e amea\u00e7ou matar tanto ela quanto o filho, caso buscasse ajuda da pol\u00edcia. Em um ato de desespero, a mulher escreveu a carta, pois o agressor havia destru\u00eddo seu celular, impedindo-a de pedir socorro diretamente.<\/p>\n<p>O comportamento violento do agressor foi presenciado pela filha do casal, de apenas oito anos. O homem, movido por ci\u00fames, chegou a rasgar as roupas da mulher na frente da crian\u00e7a, intensificando o clima de terror dentro de casa.<\/p>\n<p>Ap\u00f3s ser localizada e ouvida pelas autoridades, a v\u00edtima expressou seu desejo de processar o marido e solicitou uma medida protetiva. O agressor foi detido e encaminhado para a Depac, onde o caso segue em investiga\u00e7\u00e3o.<\/p>\n<p>A pol\u00edcia refor\u00e7a a import\u00e2ncia de den\u00fancias em casos de viol\u00eancia dom\u00e9stica e oferece canais de apoio para v\u00edtimas que estejam sob risco.<\/p>\n","protected":false},"excerpt":{"rendered":"<p>Na segunda-feira (9), a Delegacia de Pronto Atendimento Comunit\u00e1rio (Depac) de Tr\u00eas Lagoas registrou um caso grave de viol\u00eancia dom\u00e9stica no bairro Santa Luzia. O epis\u00f3dio veio \u00e0 tona quando uma m\u00e3e, em desespero, deixou uma carta pedindo ajuda na escola de sua filha, revelando que estava sob risco de morte. Segundo o relato da [&hellip;]<\/p>\n","protected":false},"author":2,"featured_media":29682,"comment_status":"open","ping_status":"open","sticky":false,"template":"","format":"standard","meta":{"om_disable_all_campaigns":false,"_monsterinsights_skip_tracking":false,"_monsterinsights_sitenote_active":false,"_monsterinsights_sitenote_note":"","_monsterinsights_sitenote_category":0,"footnotes":""},"categories":[41,48],"tags":[],"aioseo_notices":[],"_links":{"self":[{"href":"https:\/\/expressaoms.com.br\/index.php\/wp-json\/wp\/v2\/posts\/29681"}],"collection":[{"href":"https:\/\/expressaoms.com.br\/index.php\/wp-json\/wp\/v2\/posts"}],"about":[{"href":"https:\/\/expressaoms.com.br\/index.php\/wp-json\/wp\/v2\/types\/post"}],"author":[{"embeddable":true,"href":"https:\/\/expressaoms.com.br\/index.php\/wp-json\/wp\/v2\/users\/2"}],"replies":[{"embeddable":true,"href":"https:\/\/expressaoms.com.br\/index.php\/wp-json\/wp\/v2\/comments?post=29681"}],"version-history":[{"count":1,"href":"https:\/\/expressaoms.com.br\/index.php\/wp-json\/wp\/v2\/posts\/29681\/revisions"}],"predecessor-version":[{"id":29683,"href":"https:\/\/expressaoms.com.br\/index.php\/wp-json\/wp\/v2\/posts\/29681\/revisions\/29683"}],"wp:featuredmedia":[{"embeddable":true,"href":"https:\/\/expressaoms.com.br\/index.php\/wp-json\/wp\/v2\/media\/29682"}],"wp:attachment":[{"href":"https:\/\/expressaoms.com.br\/index.php\/wp-json\/wp\/v2\/media?parent=29681"}],"wp:term":[{"taxonomy":"category","embeddable":true,"href":"https:\/\/expressaoms.com.br\/index.php\/wp-json\/wp\/v2\/categories?post=29681"},{"taxonomy":"post_tag","embeddable":true,"href":"https:\/\/expressaoms.com.br\/index.php\/wp-json\/wp\/v2\/tags?post=29681"}],"curies":[{"name":"wp","href":"https:\/\/api.w.org\/{rel}","templated":true}]}}