{"id":29689,"date":"2024-09-11T09:50:48","date_gmt":"2024-09-11T13:50:48","guid":{"rendered":"https:\/\/expressaoms.com.br\/?p=29689"},"modified":"2024-09-11T09:50:48","modified_gmt":"2024-09-11T13:50:48","slug":"governo-de-ms-reafirma-apoio-a-empreendedores-que-geram-empregos-no-setor-varejista","status":"publish","type":"post","link":"https:\/\/expressaoms.com.br\/index.php\/2024\/09\/11\/governo-de-ms-reafirma-apoio-a-empreendedores-que-geram-empregos-no-setor-varejista\/","title":{"rendered":"Governo de MS reafirma apoio a empreendedores que geram empregos no setor varejista"},"content":{"rendered":"<p>O governador Eduardo Riedel participou nesta ter\u00e7a-feira (10) da abertura do SuperAmas&#8217; 24, que \u00e9 uma tradicional feira de neg\u00f3cios do setor varejista do Mato Grosso do Sul. Ele destacou a import\u00e2ncia do segmento para gera\u00e7\u00e3o de empregos e renda no Estado e reafirmou o compromisso de apoiar estes empreendedores, que contribuem para o crescimento da economia.<\/p>\n<p>\u201c\u00c9 uma das principais feiras de um setor que gera empregos e renda a nossa popula\u00e7\u00e3o. Cabe ao Governo do Estado n\u00e3o atrapalhar o empreendedor e buscar um ambiente competitivo para os neg\u00f3cios, fomentando as atividades e baixando os impostos de forma respons\u00e1vel. Do nosso lado vamos continuar os investimentos em log\u00edstica e infraestrutura, para atrair mais empresas\u201d, afirmou o governador.<\/p>\n<p>Depois da abertura do evento, Riedel fez quest\u00e3o de visitar v\u00e1rias empresas que est\u00e3o expondo seus produtos no local, conversando com os empres\u00e1rios e empreendedores que movimentam a economia regional.<\/p>\n<figure id=\"attachment_490108\" class=\"wp-caption aligncenter\" aria-describedby=\"caption-attachment-490108\"><a href=\"https:\/\/agenciadenoticias.ms.gov.br\/wp-content\/uploads\/2024\/09\/SUPERAMAS-24-Foto-Saul-Schramm-34-scaled.jpg\"><img fetchpriority=\"high\" decoding=\"async\" class=\"wp-image-490108 size-large\" src=\"https:\/\/agenciadenoticias.ms.gov.br\/wp-content\/uploads\/2024\/09\/SUPERAMAS-24-Foto-Saul-Schramm-34-1024x629.jpg\" sizes=\"(max-width: 1024px) 100vw, 1024px\" srcset=\"https:\/\/agenciadenoticias.ms.gov.br\/wp-content\/uploads\/2024\/09\/SUPERAMAS-24-Foto-Saul-Schramm-34-1024x629.jpg 1024w, https:\/\/agenciadenoticias.ms.gov.br\/wp-content\/uploads\/2024\/09\/SUPERAMAS-24-Foto-Saul-Schramm-34-300x184.jpg 300w, https:\/\/agenciadenoticias.ms.gov.br\/wp-content\/uploads\/2024\/09\/SUPERAMAS-24-Foto-Saul-Schramm-34-768x471.jpg 768w, https:\/\/agenciadenoticias.ms.gov.br\/wp-content\/uploads\/2024\/09\/SUPERAMAS-24-Foto-Saul-Schramm-34-1536x943.jpg 1536w, https:\/\/agenciadenoticias.ms.gov.br\/wp-content\/uploads\/2024\/09\/SUPERAMAS-24-Foto-Saul-Schramm-34-2048x1257.jpg 2048w, https:\/\/agenciadenoticias.ms.gov.br\/wp-content\/uploads\/2024\/09\/SUPERAMAS-24-Foto-Saul-Schramm-34-350x215.jpg 350w, https:\/\/agenciadenoticias.ms.gov.br\/wp-content\/uploads\/2024\/09\/SUPERAMAS-24-Foto-Saul-Schramm-34-scaled.jpg 1920w\" alt=\"\" width=\"1024\" height=\"629\" \/><\/a><figcaption id=\"caption-attachment-490108\" class=\"wp-caption-text\"><em>Governador discursa durante abertura do SuperAmas 2024<\/em><\/figcaption><\/figure>\n<p>O SuperAmas est\u00e1 na sua 31\u00b0 edi\u00e7\u00e3o, sendo o segundo ano consecutivo no espa\u00e7o Bosque Expo, em Campo Grande. A feira de neg\u00f3cios \u00e9 realizada pela Amas (Associa\u00e7\u00e3o Sul-Mato-Grossense de Supermercados) e Sindicato do Com\u00e9rcio Varejista de G\u00eaneros Aliment\u00edcios.<\/p>\n<p>O evento come\u00e7ou nesta ter\u00e7a-feira (10) e segue at\u00e9 quinta (12), com mais de 50 expositores, tendo a presen\u00e7a das principais empresas do varejo de alimentos, entre elas supermercados, bares, restaurantes, hot\u00e9is, a\u00e7ougues, padarias, conveni\u00eancias, entre outros estabelecimentos que tenham liga\u00e7\u00e3o com o ramo aliment\u00edcio.<\/p>\n<div id=\"gallery-1\" class=\"gallery galleryid-490118 gallery-columns-2 gallery-size-large\">\n<figure class=\"gallery-item\">\n<div class=\"gallery-icon landscape\"><a href=\"https:\/\/agenciadenoticias.ms.gov.br\/superamas-24-foto-saul-schramm-44\/\"><img decoding=\"async\" class=\"attachment-large size-large\" src=\"https:\/\/agenciadenoticias.ms.gov.br\/wp-content\/uploads\/2024\/09\/SUPERAMAS-24-Foto-Saul-Schramm-44-1024x719.jpg\" sizes=\"(max-width: 1024px) 100vw, 1024px\" srcset=\"https:\/\/agenciadenoticias.ms.gov.br\/wp-content\/uploads\/2024\/09\/SUPERAMAS-24-Foto-Saul-Schramm-44-1024x719.jpg 1024w, https:\/\/agenciadenoticias.ms.gov.br\/wp-content\/uploads\/2024\/09\/SUPERAMAS-24-Foto-Saul-Schramm-44-300x211.jpg 300w, https:\/\/agenciadenoticias.ms.gov.br\/wp-content\/uploads\/2024\/09\/SUPERAMAS-24-Foto-Saul-Schramm-44-768x539.jpg 768w, https:\/\/agenciadenoticias.ms.gov.br\/wp-content\/uploads\/2024\/09\/SUPERAMAS-24-Foto-Saul-Schramm-44-1536x1079.jpg 1536w, https:\/\/agenciadenoticias.ms.gov.br\/wp-content\/uploads\/2024\/09\/SUPERAMAS-24-Foto-Saul-Schramm-44-2048x1438.jpg 2048w, https:\/\/agenciadenoticias.ms.gov.br\/wp-content\/uploads\/2024\/09\/SUPERAMAS-24-Foto-Saul-Schramm-44-342x240.jpg 342w, https:\/\/agenciadenoticias.ms.gov.br\/wp-content\/uploads\/2024\/09\/SUPERAMAS-24-Foto-Saul-Schramm-44-scaled.jpg 1920w\" alt=\"\" width=\"1024\" height=\"719\" \/><\/a><\/div>\n<\/figure>\n<figure class=\"gallery-item\">\n<div class=\"gallery-icon landscape\"><a href=\"https:\/\/agenciadenoticias.ms.gov.br\/governo-de-ms-reafirma-apoio-a-empreendedores-que-geram-empregos-no-setor-varejista\/superamas-24-foto-saul-schramm-30\/\"><img decoding=\"async\" class=\"attachment-large size-large\" src=\"https:\/\/agenciadenoticias.ms.gov.br\/wp-content\/uploads\/2024\/09\/SUPERAMAS-24-Foto-Saul-Schramm-30-scaled.jpg\" alt=\"\" width=\"1024\" height=\"683\" \/><\/a><\/div>\n<\/figure>\n<\/div>\n<p>Na programa\u00e7\u00e3o est\u00e3o previstas palestras, pain\u00e9is, visitas t\u00e9cnicas orientadas, assim como espa\u00e7o para comercializa\u00e7\u00e3o, integra\u00e7\u00e3o, lan\u00e7amentos e atualiza\u00e7\u00e3o quanto \u00e0s novas tend\u00eancias do setor.<\/p>\n<p>\u201cEstamos orgulhosos de realizar este evento em 2024, trazendo melhorias e novidades, discutindo temas importantes para nosso setor, que tem mais de mil estabelecimentos comerciais e gera milhares de empregos no Estado. Nosso segmento est\u00e1 sempre inovando no atendimento, buscando a qualifica\u00e7\u00e3o e novas tecnologias para atender os clientes. Tamb\u00e9m buscamos o di\u00e1logo constante com os poderes e a sociedade em geral\u201d, afirmou Denylson Prado, presidente da AMAS.<\/p>\n<div id=\"gallery-2\" class=\"gallery galleryid-490118 gallery-columns-2 gallery-size-large\">\n<figure class=\"gallery-item\">\n<div class=\"gallery-icon landscape\"><a href=\"https:\/\/agenciadenoticias.ms.gov.br\/superamas-24-foto-saul-schramm-45\/\"><img loading=\"lazy\" decoding=\"async\" class=\"attachment-large size-large\" src=\"https:\/\/agenciadenoticias.ms.gov.br\/wp-content\/uploads\/2024\/09\/SUPERAMAS-24-Foto-Saul-Schramm-45-1024x631.jpg\" sizes=\"(max-width: 1024px) 100vw, 1024px\" srcset=\"https:\/\/agenciadenoticias.ms.gov.br\/wp-content\/uploads\/2024\/09\/SUPERAMAS-24-Foto-Saul-Schramm-45-1024x631.jpg 1024w, https:\/\/agenciadenoticias.ms.gov.br\/wp-content\/uploads\/2024\/09\/SUPERAMAS-24-Foto-Saul-Schramm-45-300x185.jpg 300w, https:\/\/agenciadenoticias.ms.gov.br\/wp-content\/uploads\/2024\/09\/SUPERAMAS-24-Foto-Saul-Schramm-45-768x473.jpg 768w, https:\/\/agenciadenoticias.ms.gov.br\/wp-content\/uploads\/2024\/09\/SUPERAMAS-24-Foto-Saul-Schramm-45-1536x946.jpg 1536w, https:\/\/agenciadenoticias.ms.gov.br\/wp-content\/uploads\/2024\/09\/SUPERAMAS-24-Foto-Saul-Schramm-45-2048x1261.jpg 2048w, https:\/\/agenciadenoticias.ms.gov.br\/wp-content\/uploads\/2024\/09\/SUPERAMAS-24-Foto-Saul-Schramm-45-350x216.jpg 350w, https:\/\/agenciadenoticias.ms.gov.br\/wp-content\/uploads\/2024\/09\/SUPERAMAS-24-Foto-Saul-Schramm-45-scaled.jpg 1920w\" alt=\"\" width=\"1024\" height=\"631\" \/><\/a><\/div>\n<\/figure>\n<figure class=\"gallery-item\">\n<div class=\"gallery-icon landscape\"><a href=\"https:\/\/agenciadenoticias.ms.gov.br\/superamas-24-foto-saul-schramm-38\/\"><img loading=\"lazy\" decoding=\"async\" class=\"attachment-large size-large\" src=\"https:\/\/agenciadenoticias.ms.gov.br\/wp-content\/uploads\/2024\/09\/SUPERAMAS-24-Foto-Saul-Schramm-38-1024x639.jpg\" sizes=\"(max-width: 1024px) 100vw, 1024px\" srcset=\"https:\/\/agenciadenoticias.ms.gov.br\/wp-content\/uploads\/2024\/09\/SUPERAMAS-24-Foto-Saul-Schramm-38-1024x639.jpg 1024w, https:\/\/agenciadenoticias.ms.gov.br\/wp-content\/uploads\/2024\/09\/SUPERAMAS-24-Foto-Saul-Schramm-38-300x187.jpg 300w, https:\/\/agenciadenoticias.ms.gov.br\/wp-content\/uploads\/2024\/09\/SUPERAMAS-24-Foto-Saul-Schramm-38-768x479.jpg 768w, https:\/\/agenciadenoticias.ms.gov.br\/wp-content\/uploads\/2024\/09\/SUPERAMAS-24-Foto-Saul-Schramm-38-1536x958.jpg 1536w, https:\/\/agenciadenoticias.ms.gov.br\/wp-content\/uploads\/2024\/09\/SUPERAMAS-24-Foto-Saul-Schramm-38-2048x1278.jpg 2048w, https:\/\/agenciadenoticias.ms.gov.br\/wp-content\/uploads\/2024\/09\/SUPERAMAS-24-Foto-Saul-Schramm-38-350x218.jpg 350w, https:\/\/agenciadenoticias.ms.gov.br\/wp-content\/uploads\/2024\/09\/SUPERAMAS-24-Foto-Saul-Schramm-38-scaled.jpg 1920w\" alt=\"\" width=\"1024\" height=\"639\" \/><\/a><\/div>\n<\/figure>\n<\/div>\n","protected":false},"excerpt":{"rendered":"<p>O governador Eduardo Riedel participou nesta ter\u00e7a-feira (10) da abertura do SuperAmas&#8217; 24, que \u00e9 uma tradicional feira de neg\u00f3cios do setor varejista do Mato Grosso do Sul. Ele destacou a import\u00e2ncia do segmento para gera\u00e7\u00e3o de empregos e renda no Estado e reafirmou o compromisso de apoiar estes empreendedores, que contribuem para o crescimento [&hellip;]<\/p>\n","protected":false},"author":2,"featured_media":29690,"comment_status":"open","ping_status":"open","sticky":false,"template":"","format":"standard","meta":{"om_disable_all_campaigns":false,"_monsterinsights_skip_tracking":false,"_monsterinsights_sitenote_active":false,"_monsterinsights_sitenote_note":"","_monsterinsights_sitenote_category":0,"footnotes":""},"categories":[31,266],"tags":[],"aioseo_notices":[],"_links":{"self":[{"href":"https:\/\/expressaoms.com.br\/index.php\/wp-json\/wp\/v2\/posts\/29689"}],"collection":[{"href":"https:\/\/expressaoms.com.br\/index.php\/wp-json\/wp\/v2\/posts"}],"about":[{"href":"https:\/\/expressaoms.com.br\/index.php\/wp-json\/wp\/v2\/types\/post"}],"author":[{"embeddable":true,"href":"https:\/\/expressaoms.com.br\/index.php\/wp-json\/wp\/v2\/users\/2"}],"replies":[{"embeddable":true,"href":"https:\/\/expressaoms.com.br\/index.php\/wp-json\/wp\/v2\/comments?post=29689"}],"version-history":[{"count":1,"href":"https:\/\/expressaoms.com.br\/index.php\/wp-json\/wp\/v2\/posts\/29689\/revisions"}],"predecessor-version":[{"id":29691,"href":"https:\/\/expressaoms.com.br\/index.php\/wp-json\/wp\/v2\/posts\/29689\/revisions\/29691"}],"wp:featuredmedia":[{"embeddable":true,"href":"https:\/\/expressaoms.com.br\/index.php\/wp-json\/wp\/v2\/media\/29690"}],"wp:attachment":[{"href":"https:\/\/expressaoms.com.br\/index.php\/wp-json\/wp\/v2\/media?parent=29689"}],"wp:term":[{"taxonomy":"category","embeddable":true,"href":"https:\/\/expressaoms.com.br\/index.php\/wp-json\/wp\/v2\/categories?post=29689"},{"taxonomy":"post_tag","embeddable":true,"href":"https:\/\/expressaoms.com.br\/index.php\/wp-json\/wp\/v2\/tags?post=29689"}],"curies":[{"name":"wp","href":"https:\/\/api.w.org\/{rel}","templated":true}]}}