{"id":29822,"date":"2024-09-26T14:43:22","date_gmt":"2024-09-26T18:43:22","guid":{"rendered":"https:\/\/expressaoms.com.br\/?p=29822"},"modified":"2024-09-26T15:38:13","modified_gmt":"2024-09-26T19:38:13","slug":"inmet-emite-alerta-de-tempestade-e-vent-de-100-km-h-em-ms","status":"publish","type":"post","link":"https:\/\/expressaoms.com.br\/index.php\/2024\/09\/26\/inmet-emite-alerta-de-tempestade-e-vent-de-100-km-h-em-ms\/","title":{"rendered":"Inmet emite alerta de tempestade e ventos de 100 km\/h em MS"},"content":{"rendered":"<p>A maioria dos munic\u00edpios de Mato Grosso do Sul est\u00e1 em alerta para risco de tempestade entre quinta e sexta-feira. H\u00e1 possibilidade de queda de granizo, chuva de at\u00e9 100 mil\u00edmetros e ventos de 100 km por hora, provocando risco de queda de \u00e1rvores e alagamentos.<\/p>\n<p>O aviso mais severo \u00e9 v\u00e1lido para 48 munic\u00edpios: Amambai, Anast\u00e1cio, Ang\u00e9lica, Ant\u00f4nio Jo\u00e3o, Aquidauana, Aral Moreira, Bataypor\u00e3, Bela Vista, Bodoquena, Bonito, Caarap\u00f3, Caracol, Coronel Sapucaia, Corumb\u00e1, Deod\u00e1polis, Dois Irm\u00e3os do Buriti, Douradina, Dourados, Eldorado, F\u00e1tima do Sul, Gl\u00f3ria de Dourados e Guia Lopes da Laguna.<\/p>\n<p>Tamb\u00e9m est\u00e3o em alerta Iguatemi, Itapor\u00e3, Itaquira\u00ed, Ivinhema, Japor\u00e3, Jardim, Jate\u00ed, Juti, Lad\u00e1rio, Laguna Carap\u00e3, Maracaju, Miranda, Mundo Novo, Navira\u00ed, Nioaque, Nova Andradina, Novo Horizonte do Sul, Paranhos, Ponta Por\u00e3, Porto Murtinho, Rio Brilhante, Sete Quedas, Sidrol\u00e2ndia, Tacuru, Taquarussu e Vicentina.<\/p>\n<p>O segundo alerta do Inmet aponta para chuva de at\u00e9 50 mil\u00edmetros, tamb\u00e9m com queda de granizo, e rajadas de ventos de at\u00e9 60 km por hora.<\/p>\n<p>Este aviso, mais brando, vale para Campo Grande, \u00c1gua Clara, Anauril\u00e2ndia, Bandeirantes, Bataguassu, Brasil\u00e2ndia, Camapu\u00e3, Corguinho, Coxim, Figueir\u00e3o, Jaraguari, Lad\u00e1rio, Nova Alvorada do Sul, Para\u00edso das \u00c1guas, Ribas do Rio Pardo, Rio Negro, Rio Verde de Mato Grosso, Rochedo, Santa Rita do Pardo, S\u00e3o Gabriel do Oeste, Sonora, Terenos e Tr\u00eas Lagoas.<\/p>\n<p>&nbsp;<\/p>\n<pre>Com Campo Grande News<\/pre>\n","protected":false},"excerpt":{"rendered":"<p>A maioria dos munic\u00edpios de Mato Grosso do Sul est\u00e1 em alerta para risco de tempestade entre quinta e sexta-feira. H\u00e1 possibilidade de queda de granizo, chuva de at\u00e9 100 mil\u00edmetros e ventos de 100 km por hora, provocando risco de queda de \u00e1rvores e alagamentos. O aviso mais severo \u00e9 v\u00e1lido para 48 munic\u00edpios: [&hellip;]<\/p>\n","protected":false},"author":3,"featured_media":25986,"comment_status":"open","ping_status":"open","sticky":false,"template":"","format":"standard","meta":{"om_disable_all_campaigns":false,"_monsterinsights_skip_tracking":false,"_monsterinsights_sitenote_active":false,"_monsterinsights_sitenote_note":"","_monsterinsights_sitenote_category":0,"footnotes":""},"categories":[36,266,47],"tags":[],"aioseo_notices":[],"_links":{"self":[{"href":"https:\/\/expressaoms.com.br\/index.php\/wp-json\/wp\/v2\/posts\/29822"}],"collection":[{"href":"https:\/\/expressaoms.com.br\/index.php\/wp-json\/wp\/v2\/posts"}],"about":[{"href":"https:\/\/expressaoms.com.br\/index.php\/wp-json\/wp\/v2\/types\/post"}],"author":[{"embeddable":true,"href":"https:\/\/expressaoms.com.br\/index.php\/wp-json\/wp\/v2\/users\/3"}],"replies":[{"embeddable":true,"href":"https:\/\/expressaoms.com.br\/index.php\/wp-json\/wp\/v2\/comments?post=29822"}],"version-history":[{"count":1,"href":"https:\/\/expressaoms.com.br\/index.php\/wp-json\/wp\/v2\/posts\/29822\/revisions"}],"predecessor-version":[{"id":29823,"href":"https:\/\/expressaoms.com.br\/index.php\/wp-json\/wp\/v2\/posts\/29822\/revisions\/29823"}],"wp:featuredmedia":[{"embeddable":true,"href":"https:\/\/expressaoms.com.br\/index.php\/wp-json\/wp\/v2\/media\/25986"}],"wp:attachment":[{"href":"https:\/\/expressaoms.com.br\/index.php\/wp-json\/wp\/v2\/media?parent=29822"}],"wp:term":[{"taxonomy":"category","embeddable":true,"href":"https:\/\/expressaoms.com.br\/index.php\/wp-json\/wp\/v2\/categories?post=29822"},{"taxonomy":"post_tag","embeddable":true,"href":"https:\/\/expressaoms.com.br\/index.php\/wp-json\/wp\/v2\/tags?post=29822"}],"curies":[{"name":"wp","href":"https:\/\/api.w.org\/{rel}","templated":true}]}}