{"id":29831,"date":"2024-10-01T07:52:13","date_gmt":"2024-10-01T11:52:13","guid":{"rendered":"https:\/\/expressaoms.com.br\/?p=29831"},"modified":"2024-10-01T07:52:13","modified_gmt":"2024-10-01T11:52:13","slug":"feirao-da-empregabilidade-disponibiliza-153-vagas-e-oportunidades-para-pessoas-acima-de-60-anos","status":"publish","type":"post","link":"https:\/\/expressaoms.com.br\/index.php\/2024\/10\/01\/feirao-da-empregabilidade-disponibiliza-153-vagas-e-oportunidades-para-pessoas-acima-de-60-anos\/","title":{"rendered":"Feir\u00e3o da Empregabilidade disponibiliza 153 vagas e oportunidades para pessoas acima de 60 anos"},"content":{"rendered":"<p>Oferecendo 153 oportunidades de trabalho, Feir\u00e3o da Empregabilidade ter\u00e1 mais uma edi\u00e7\u00e3o nesta ter\u00e7a-feira (1\u00ba). Organizado pela Funtrab (Funda\u00e7\u00e3o do Trabalho de Mato Grosso do Sul), o objetivo da a\u00e7\u00e3o \u00e9 conectar candidatos a vagas de emprego com empresas em busca de talentos.<\/p>\n<p>Estar\u00e3o presentes na a\u00e7\u00e3o as equipes de recrutamento de oito empresas nos segmentos de com\u00e9rcio varejista; limpeza terceirizada; frigor\u00edfico; cervejaria; reciclagem; rede atacadista e consultoria de RH, al\u00e9m das mais de 1,9 mil oportunidades dispon\u00edveis na Funtrab em variadas \u00e1reas em Campo Grande.<\/p>\n<p>Em comemora\u00e7\u00e3o ao Dia Nacional da Pessoa Idosa (1\u00ba de outubro), tr\u00eas empresas no ramo de servi\u00e7os m\u00e9dicos, rede atacadista e limpeza terceirizada oferecem oportunidades exclusivas para os candidatos a partir de 60 anos de idade.<\/p>\n<p>Vinculada \u00e0 Semadesc (Secretaria de Estado de Meio Ambiente, Desenvolvimento, Ci\u00eancia, Tecnologia e Inova\u00e7\u00e3o), a Funtrab, alinhada \u00e0 pol\u00edtica de desenvolvimento das atividades produtivas do Estado que tem possibilitado a cria\u00e7\u00e3o de postos de trabalho e de gera\u00e7\u00e3o de renda, atua como intermediadora entre o trabalhador e a vaga.<\/p>\n<p>O Feir\u00e3o acontece no piso t\u00e9rreo da Funtrab, na rua 13 de Maio, 2.773 (entre ruas Dom Aquino e C\u00e2ndido Mariano), das 8h \u00e0s 11h. Interessados devem estar munidos de RG, CPF e Carteira de Trabalho para se cadastrar.<\/p>\n","protected":false},"excerpt":{"rendered":"<p>Oferecendo 153 oportunidades de trabalho, Feir\u00e3o da Empregabilidade ter\u00e1 mais uma edi\u00e7\u00e3o nesta ter\u00e7a-feira (1\u00ba). Organizado pela Funtrab (Funda\u00e7\u00e3o do Trabalho de Mato Grosso do Sul), o objetivo da a\u00e7\u00e3o \u00e9 conectar candidatos a vagas de emprego com empresas em busca de talentos. Estar\u00e3o presentes na a\u00e7\u00e3o as equipes de recrutamento de oito empresas nos [&hellip;]<\/p>\n","protected":false},"author":2,"featured_media":29832,"comment_status":"open","ping_status":"open","sticky":false,"template":"","format":"standard","meta":{"om_disable_all_campaigns":false,"_monsterinsights_skip_tracking":false,"_monsterinsights_sitenote_active":false,"_monsterinsights_sitenote_note":"","_monsterinsights_sitenote_category":0,"footnotes":""},"categories":[33,36,266],"tags":[],"aioseo_notices":[],"_links":{"self":[{"href":"https:\/\/expressaoms.com.br\/index.php\/wp-json\/wp\/v2\/posts\/29831"}],"collection":[{"href":"https:\/\/expressaoms.com.br\/index.php\/wp-json\/wp\/v2\/posts"}],"about":[{"href":"https:\/\/expressaoms.com.br\/index.php\/wp-json\/wp\/v2\/types\/post"}],"author":[{"embeddable":true,"href":"https:\/\/expressaoms.com.br\/index.php\/wp-json\/wp\/v2\/users\/2"}],"replies":[{"embeddable":true,"href":"https:\/\/expressaoms.com.br\/index.php\/wp-json\/wp\/v2\/comments?post=29831"}],"version-history":[{"count":1,"href":"https:\/\/expressaoms.com.br\/index.php\/wp-json\/wp\/v2\/posts\/29831\/revisions"}],"predecessor-version":[{"id":29833,"href":"https:\/\/expressaoms.com.br\/index.php\/wp-json\/wp\/v2\/posts\/29831\/revisions\/29833"}],"wp:featuredmedia":[{"embeddable":true,"href":"https:\/\/expressaoms.com.br\/index.php\/wp-json\/wp\/v2\/media\/29832"}],"wp:attachment":[{"href":"https:\/\/expressaoms.com.br\/index.php\/wp-json\/wp\/v2\/media?parent=29831"}],"wp:term":[{"taxonomy":"category","embeddable":true,"href":"https:\/\/expressaoms.com.br\/index.php\/wp-json\/wp\/v2\/categories?post=29831"},{"taxonomy":"post_tag","embeddable":true,"href":"https:\/\/expressaoms.com.br\/index.php\/wp-json\/wp\/v2\/tags?post=29831"}],"curies":[{"name":"wp","href":"https:\/\/api.w.org\/{rel}","templated":true}]}}