{"id":29941,"date":"2024-10-09T08:46:13","date_gmt":"2024-10-09T12:46:13","guid":{"rendered":"https:\/\/expressaoms.com.br\/?p=29941"},"modified":"2024-10-09T08:46:13","modified_gmt":"2024-10-09T12:46:13","slug":"feira-central-de-tres-lagoas-promove-semana-da-crianca-confira-a-programacao","status":"publish","type":"post","link":"https:\/\/expressaoms.com.br\/index.php\/2024\/10\/09\/feira-central-de-tres-lagoas-promove-semana-da-crianca-confira-a-programacao\/","title":{"rendered":"Feira Central de Tr\u00eas Lagoas promove Semana da Crian\u00e7a. Confira a programa\u00e7\u00e3o"},"content":{"rendered":"<p data-raofz=\"16\">A Feira Central preparou uma s\u00e9rie de atra\u00e7\u00f5es para celebrar a Semana das Crian\u00e7as, que promete encantar os pequenos com muita divers\u00e3o e personagens queridos. As atividades incluem recrea\u00e7\u00e3o com personagens ic\u00f4nicos, como Mickey, Minnie, Pluto, Pateta e super-her\u00f3is como o Homem-Aranha e o Capit\u00e3o Am\u00e9rica.<\/p>\n<p data-raofz=\"16\">A programa\u00e7\u00e3o se estende at\u00e9 o dia 12 de outubro, oferecendo diferentes atra\u00e7\u00f5es a cada dia. O destaque \u00e9 a presen\u00e7a de personagens que v\u00e3o interagir com as crian\u00e7as, tirando fotos e participando de atividades recreativas. Al\u00e9m disso, Marshal e Skye, da famosa s\u00e9rie Patrulha Canina, far\u00e3o uma apari\u00e7\u00e3o especial no \u00faltimo dia do evento, passeando pela feira e garantindo momentos inesquec\u00edveis.<\/p>\n<p data-raofz=\"16\"><strong>Confira a programa\u00e7\u00e3o completa:<\/strong><\/p>\n<p data-raofz=\"16\">\u2022 9 de outubro, \u00e0s 19h: Pluto e Pateta com recrea\u00e7\u00e3o<br \/>\n\u2022 11 de outubro, \u00e0s 19h: Homem-Aranha e Capit\u00e3o Am\u00e9rica com recrea\u00e7\u00e3o<br \/>\n\u2022 12 de outubro, \u00e0s 10h: Marshal e Skye passeando e tirando fotos com as crian\u00e7as<\/p>\n<p data-raofz=\"16\">Os organizadores convidam os pais a levarem seus filhos para aproveitar essa semana de divers\u00e3o e entretenimento em fam\u00edlia.<\/p>\n<p data-raofz=\"16\">A Feira Central Tur\u00edstica fica localizada \u00e0 R. Cust\u00f3dio Andries, 914 \u2013 Nossa Sra. Aparecida. Pertinho do Terminal Urbano.<\/p>\n<p data-raofz=\"16\">\n<figure class=\"wp-block-gallery has-nested-images columns-default is-cropped wp-block-gallery-1 is-layout-flex wp-block-gallery-is-layout-flex\">\n<figure class=\"wp-block-image size-large\"><a role=\"link\" href=\"https:\/\/www.treslagoas.ms.gov.br\/wp-content\/uploads\/2024\/10\/Semana-da-Crianca-scaled.jpeg\" data-raofz=\"16\"><img fetchpriority=\"high\" decoding=\"async\" class=\"wp-image-130066\" src=\"https:\/\/www.treslagoas.ms.gov.br\/wp-content\/uploads\/2024\/10\/Semana-da-Crianca-920x370.jpeg\" sizes=\"(max-width: 920px) 100vw, 920px\" srcset=\"https:\/\/www.treslagoas.ms.gov.br\/wp-content\/uploads\/2024\/10\/Semana-da-Crianca-scaled.jpeg 920w, https:\/\/www.treslagoas.ms.gov.br\/wp-content\/uploads\/2024\/10\/Semana-da-Crianca-300x121.jpeg 300w, https:\/\/www.treslagoas.ms.gov.br\/wp-content\/uploads\/2024\/10\/Semana-da-Crianca-768x309.jpeg 768w, https:\/\/www.treslagoas.ms.gov.br\/wp-content\/uploads\/2024\/10\/Semana-da-Crianca-1536x617.jpeg 1536w, https:\/\/www.treslagoas.ms.gov.br\/wp-content\/uploads\/2024\/10\/Semana-da-Crianca-280x113.jpeg 280w, https:\/\/www.treslagoas.ms.gov.br\/wp-content\/uploads\/2024\/10\/Semana-da-Crianca-1300x522.jpeg 1300w, https:\/\/www.treslagoas.ms.gov.br\/wp-content\/uploads\/2024\/10\/Semana-da-Crianca-600x241.jpeg 600w\" alt=\"\" width=\"920\" height=\"370\" data-id=\"130066\" \/><\/a><\/figure>\n<\/figure>\n","protected":false},"excerpt":{"rendered":"<p>A Feira Central preparou uma s\u00e9rie de atra\u00e7\u00f5es para celebrar a Semana das Crian\u00e7as, que promete encantar os pequenos com muita divers\u00e3o e personagens queridos. As atividades incluem recrea\u00e7\u00e3o com personagens ic\u00f4nicos, como Mickey, Minnie, Pluto, Pateta e super-her\u00f3is como o Homem-Aranha e o Capit\u00e3o Am\u00e9rica. A programa\u00e7\u00e3o se estende at\u00e9 o dia 12 de [&hellip;]<\/p>\n","protected":false},"author":2,"featured_media":29942,"comment_status":"open","ping_status":"open","sticky":false,"template":"","format":"standard","meta":{"om_disable_all_campaigns":false,"_monsterinsights_skip_tracking":false,"_monsterinsights_sitenote_active":false,"_monsterinsights_sitenote_note":"","_monsterinsights_sitenote_category":0,"footnotes":""},"categories":[36,48],"tags":[],"aioseo_notices":[],"_links":{"self":[{"href":"https:\/\/expressaoms.com.br\/index.php\/wp-json\/wp\/v2\/posts\/29941"}],"collection":[{"href":"https:\/\/expressaoms.com.br\/index.php\/wp-json\/wp\/v2\/posts"}],"about":[{"href":"https:\/\/expressaoms.com.br\/index.php\/wp-json\/wp\/v2\/types\/post"}],"author":[{"embeddable":true,"href":"https:\/\/expressaoms.com.br\/index.php\/wp-json\/wp\/v2\/users\/2"}],"replies":[{"embeddable":true,"href":"https:\/\/expressaoms.com.br\/index.php\/wp-json\/wp\/v2\/comments?post=29941"}],"version-history":[{"count":1,"href":"https:\/\/expressaoms.com.br\/index.php\/wp-json\/wp\/v2\/posts\/29941\/revisions"}],"predecessor-version":[{"id":29943,"href":"https:\/\/expressaoms.com.br\/index.php\/wp-json\/wp\/v2\/posts\/29941\/revisions\/29943"}],"wp:featuredmedia":[{"embeddable":true,"href":"https:\/\/expressaoms.com.br\/index.php\/wp-json\/wp\/v2\/media\/29942"}],"wp:attachment":[{"href":"https:\/\/expressaoms.com.br\/index.php\/wp-json\/wp\/v2\/media?parent=29941"}],"wp:term":[{"taxonomy":"category","embeddable":true,"href":"https:\/\/expressaoms.com.br\/index.php\/wp-json\/wp\/v2\/categories?post=29941"},{"taxonomy":"post_tag","embeddable":true,"href":"https:\/\/expressaoms.com.br\/index.php\/wp-json\/wp\/v2\/tags?post=29941"}],"curies":[{"name":"wp","href":"https:\/\/api.w.org\/{rel}","templated":true}]}}