{"id":29947,"date":"2024-10-09T09:15:02","date_gmt":"2024-10-09T13:15:02","guid":{"rendered":"https:\/\/expressaoms.com.br\/?p=29947"},"modified":"2024-10-09T09:18:02","modified_gmt":"2024-10-09T13:18:02","slug":"adolescente-e-flagrado-com-drogas-em-abrigo-para-moradores-de-rua-em-tres-lagoas","status":"publish","type":"post","link":"https:\/\/expressaoms.com.br\/index.php\/2024\/10\/09\/adolescente-e-flagrado-com-drogas-em-abrigo-para-moradores-de-rua-em-tres-lagoas\/","title":{"rendered":"Adolescente \u00e9 flagrado com drogas em abrigo para moradores de rua em Tr\u00eas Lagoas"},"content":{"rendered":"<div class=\"flex max-w-full flex-col flex-grow\">\n<div class=\"min-h-8 text-message flex w-full flex-col items-end gap-2 whitespace-normal break-words [.text-message+&amp;]:mt-5\" dir=\"auto\" data-message-author-role=\"assistant\" data-message-id=\"8725588a-1308-4016-bef3-44148df2823c\" data-message-model-slug=\"gpt-4o\">\n<div class=\"flex w-full flex-col gap-1 empty:hidden first:pt-[3px]\">\n<div class=\"markdown prose w-full break-words dark:prose-invert dark\">\n<p>Na \u00faltima segunda-feira (07), a Pol\u00edcia Militar de Tr\u00eas Lagoas foi acionada para atender uma ocorr\u00eancia envolvendo um adolescente em posse de drogas no Centro de Refer\u00eancia Especializado para Pessoas em Situa\u00e7\u00e3o de Rua (POP). O caso foi denunciado por servidores do local, que relataram o consumo de subst\u00e2ncias il\u00edcitas dentro do abrigo.<\/p>\n<p>Ao chegarem ao local, policiais da R\u00e1dio Patrulha realizaram buscas e encontraram um pequeno pote contendo maconha em um dos banheiros. O adolescente, ao ser questionado, admitiu ser o propriet\u00e1rio da droga e informou que a adquiriu nas proximidades da Lagoa Maior. No entanto, ele afirmou n\u00e3o ter detalhes sobre o vendedor, impossibilitando a identifica\u00e7\u00e3o do fornecedor.<\/p>\n<p>O jovem foi encaminhado \u00e0 Delegacia de Pronto Atendimento Comunit\u00e1rio (DEPAC), onde foi registrado um boletim de ocorr\u00eancia por posse de entorpecente para consumo pessoal.<\/p>\n<\/div>\n<\/div>\n<\/div>\n<\/div>\n","protected":false},"excerpt":{"rendered":"<p>Na \u00faltima segunda-feira (07), a Pol\u00edcia Militar de Tr\u00eas Lagoas foi acionada para atender uma ocorr\u00eancia envolvendo um adolescente em posse de drogas no Centro de Refer\u00eancia Especializado para Pessoas em Situa\u00e7\u00e3o de Rua (POP). O caso foi denunciado por servidores do local, que relataram o consumo de subst\u00e2ncias il\u00edcitas dentro do abrigo. Ao chegarem [&hellip;]<\/p>\n","protected":false},"author":2,"featured_media":19055,"comment_status":"open","ping_status":"open","sticky":false,"template":"","format":"standard","meta":{"om_disable_all_campaigns":false,"_monsterinsights_skip_tracking":false,"_monsterinsights_sitenote_active":false,"_monsterinsights_sitenote_note":"","_monsterinsights_sitenote_category":0,"footnotes":""},"categories":[41,48],"tags":[],"aioseo_notices":[],"_links":{"self":[{"href":"https:\/\/expressaoms.com.br\/index.php\/wp-json\/wp\/v2\/posts\/29947"}],"collection":[{"href":"https:\/\/expressaoms.com.br\/index.php\/wp-json\/wp\/v2\/posts"}],"about":[{"href":"https:\/\/expressaoms.com.br\/index.php\/wp-json\/wp\/v2\/types\/post"}],"author":[{"embeddable":true,"href":"https:\/\/expressaoms.com.br\/index.php\/wp-json\/wp\/v2\/users\/2"}],"replies":[{"embeddable":true,"href":"https:\/\/expressaoms.com.br\/index.php\/wp-json\/wp\/v2\/comments?post=29947"}],"version-history":[{"count":2,"href":"https:\/\/expressaoms.com.br\/index.php\/wp-json\/wp\/v2\/posts\/29947\/revisions"}],"predecessor-version":[{"id":29949,"href":"https:\/\/expressaoms.com.br\/index.php\/wp-json\/wp\/v2\/posts\/29947\/revisions\/29949"}],"wp:featuredmedia":[{"embeddable":true,"href":"https:\/\/expressaoms.com.br\/index.php\/wp-json\/wp\/v2\/media\/19055"}],"wp:attachment":[{"href":"https:\/\/expressaoms.com.br\/index.php\/wp-json\/wp\/v2\/media?parent=29947"}],"wp:term":[{"taxonomy":"category","embeddable":true,"href":"https:\/\/expressaoms.com.br\/index.php\/wp-json\/wp\/v2\/categories?post=29947"},{"taxonomy":"post_tag","embeddable":true,"href":"https:\/\/expressaoms.com.br\/index.php\/wp-json\/wp\/v2\/tags?post=29947"}],"curies":[{"name":"wp","href":"https:\/\/api.w.org\/{rel}","templated":true}]}}