{"id":29970,"date":"2024-10-14T10:24:01","date_gmt":"2024-10-14T14:24:01","guid":{"rendered":"https:\/\/expressaoms.com.br\/?p=29970"},"modified":"2024-10-14T10:24:01","modified_gmt":"2024-10-14T14:24:01","slug":"semana-tem-previsao-de-tempo-estavel-e-temperaturas-altas-em-mato-grosso-do-sul","status":"publish","type":"post","link":"https:\/\/expressaoms.com.br\/index.php\/2024\/10\/14\/semana-tem-previsao-de-tempo-estavel-e-temperaturas-altas-em-mato-grosso-do-sul\/","title":{"rendered":"Semana tem previs\u00e3o de tempo est\u00e1vel e temperaturas altas em Mato Grosso do Sul"},"content":{"rendered":"<p>A previs\u00e3o para esta semana no Estado \u00e9 de tempo est\u00e1vel e quente, com predom\u00ednio do sol e temperaturas altas, que podem chegar a 37\u00b0C. Este cen\u00e1rio tamb\u00e9m ter\u00e1 baixos \u00edndices de umidade relativa do ar, entre 20% e 40%. N\u00e3o est\u00e3o descartadas chuvas e tempestades.<\/p>\n<p>Segundo o Cemtec (Centro de Monitoramento do Tempo e do Clima de MS), de segunda (14) a quarta-feira (16) a previs\u00e3o \u00e9 de tempo firme no Estado. Esta situa\u00e7\u00e3o meteorol\u00f3gica ocorre devido a atua\u00e7\u00e3o de um sistema de alta press\u00e3o atmosf\u00e9rica. Pela baixa umidade se recomenda a hidrata\u00e7\u00e3o e que a popula\u00e7\u00e3o evite exposi\u00e7\u00e3o ao sol nos hor\u00e1rios mais quentes e secos do dia.<\/p>\n<p>N\u00e3o se descartam chuvas e tempestades devido a disponibilidade de calor e umidade, aliado ao deslocamento de cavados em m\u00e9dios n\u00edveis da atmosfera. Nas regi\u00f5es sul, leste e sudeste do Estado as m\u00ednimas ficam entre 19-24\u00b0C e m\u00e1ximas entre 30-36\u00b0C.<\/p>\n<p>Para as regi\u00f5es sudoeste e pantaneira esperam-se m\u00ednimas entre 26-28\u00b0C e m\u00e1ximas entre 32-37\u00b0C. No bols\u00e3o e norte a previs\u00e3o \u00e9 de 22-25\u00b0C (m\u00ednimas) e 32-37\u00b0C (m\u00e1ximas). J\u00e1 na Capital varia entre 22\u00b0C (m\u00ednima) e 34\u00b0C (m\u00e1xima) nestes dias.<\/p>\n<p>De quinta-feira (17) a s\u00e1bado (19) haver\u00e1 a atua\u00e7\u00e3o de uma \u00e1rea de baixa press\u00e3o atmosf\u00e9rica, aliado ao transporte de calor e umidade e deslocamento de cavados, que deve aumentar a nebulosidade, tendo assim chuvas e tempestades, acompanhadas de raios, rajadas de vento e eventual queda de granizo.<\/p>\n<figure class=\"gallery-item\">\n<div class=\"gallery-icon landscape\"><a href=\"https:\/\/agenciadenoticias.ms.gov.br\/semana-tem-previsao-de-tempo-estavel-e-temperaturas-altas-no-estado\/tempo-1410\/\"><img fetchpriority=\"high\" decoding=\"async\" class=\"attachment-large size-large\" src=\"https:\/\/agenciadenoticias.ms.gov.br\/wp-content\/uploads\/2024\/10\/tempo-1410.jpg\" sizes=\"(max-width: 585px) 100vw, 585px\" srcset=\"https:\/\/agenciadenoticias.ms.gov.br\/wp-content\/uploads\/2024\/10\/tempo-1410.jpg 585w, https:\/\/agenciadenoticias.ms.gov.br\/wp-content\/uploads\/2024\/10\/tempo-1410-300x212.jpg 300w, https:\/\/agenciadenoticias.ms.gov.br\/wp-content\/uploads\/2024\/10\/tempo-1410-340x240.jpg 340w\" alt=\"\" width=\"585\" height=\"413\" \/><\/a><\/div>\n<\/figure>\n<figure class=\"gallery-item\">\n<div class=\"gallery-icon landscape\"><a href=\"https:\/\/agenciadenoticias.ms.gov.br\/semana-tem-previsao-de-tempo-estavel-e-temperaturas-altas-no-estado\/tempo-1510\/\"><img decoding=\"async\" class=\"attachment-large size-large\" src=\"https:\/\/agenciadenoticias.ms.gov.br\/wp-content\/uploads\/2024\/10\/tempo-1510.jpg\" sizes=\"(max-width: 584px) 100vw, 584px\" srcset=\"https:\/\/agenciadenoticias.ms.gov.br\/wp-content\/uploads\/2024\/10\/tempo-1510.jpg 584w, https:\/\/agenciadenoticias.ms.gov.br\/wp-content\/uploads\/2024\/10\/tempo-1510-300x214.jpg 300w, https:\/\/agenciadenoticias.ms.gov.br\/wp-content\/uploads\/2024\/10\/tempo-1510-336x240.jpg 336w\" alt=\"\" width=\"584\" height=\"417\" \/><\/a><\/div>\n<\/figure>\n<figure class=\"gallery-item\">\n<div class=\"gallery-icon landscape\"><a href=\"https:\/\/agenciadenoticias.ms.gov.br\/semana-tem-previsao-de-tempo-estavel-e-temperaturas-altas-no-estado\/tempo-1610\/\"><img decoding=\"async\" class=\"attachment-large size-large\" src=\"https:\/\/agenciadenoticias.ms.gov.br\/wp-content\/uploads\/2024\/10\/tempo-1610.jpg\" sizes=\"(max-width: 564px) 100vw, 564px\" srcset=\"https:\/\/agenciadenoticias.ms.gov.br\/wp-content\/uploads\/2024\/10\/tempo-1610.jpg 564w, https:\/\/agenciadenoticias.ms.gov.br\/wp-content\/uploads\/2024\/10\/tempo-1610-300x213.jpg 300w, https:\/\/agenciadenoticias.ms.gov.br\/wp-content\/uploads\/2024\/10\/tempo-1610-338x240.jpg 338w\" alt=\"\" width=\"564\" height=\"401\" \/><\/a><\/div>\n<\/figure>\n<figure class=\"gallery-item\">\n<div class=\"gallery-icon landscape\"><a href=\"https:\/\/agenciadenoticias.ms.gov.br\/semana-tem-previsao-de-tempo-estavel-e-temperaturas-altas-no-estado\/tempo-1710-2\/\"><img loading=\"lazy\" decoding=\"async\" class=\"attachment-large size-large\" src=\"https:\/\/agenciadenoticias.ms.gov.br\/wp-content\/uploads\/2024\/10\/tempo-1710.jpg\" sizes=\"(max-width: 571px) 100vw, 571px\" srcset=\"https:\/\/agenciadenoticias.ms.gov.br\/wp-content\/uploads\/2024\/10\/tempo-1710.jpg 571w, https:\/\/agenciadenoticias.ms.gov.br\/wp-content\/uploads\/2024\/10\/tempo-1710-300x212.jpg 300w, https:\/\/agenciadenoticias.ms.gov.br\/wp-content\/uploads\/2024\/10\/tempo-1710-340x240.jpg 340w\" alt=\"\" width=\"571\" height=\"403\" \/><\/a><\/div>\n<\/figure>\n","protected":false},"excerpt":{"rendered":"<p>A previs\u00e3o para esta semana no Estado \u00e9 de tempo est\u00e1vel e quente, com predom\u00ednio do sol e temperaturas altas, que podem chegar a 37\u00b0C. Este cen\u00e1rio tamb\u00e9m ter\u00e1 baixos \u00edndices de umidade relativa do ar, entre 20% e 40%. N\u00e3o est\u00e3o descartadas chuvas e tempestades. Segundo o Cemtec (Centro de Monitoramento do Tempo e [&hellip;]<\/p>\n","protected":false},"author":3,"featured_media":29971,"comment_status":"open","ping_status":"open","sticky":false,"template":"","format":"standard","meta":{"om_disable_all_campaigns":false,"_monsterinsights_skip_tracking":false,"_monsterinsights_sitenote_active":false,"_monsterinsights_sitenote_note":"","_monsterinsights_sitenote_category":0,"footnotes":""},"categories":[36,266,47],"tags":[],"aioseo_notices":[],"_links":{"self":[{"href":"https:\/\/expressaoms.com.br\/index.php\/wp-json\/wp\/v2\/posts\/29970"}],"collection":[{"href":"https:\/\/expressaoms.com.br\/index.php\/wp-json\/wp\/v2\/posts"}],"about":[{"href":"https:\/\/expressaoms.com.br\/index.php\/wp-json\/wp\/v2\/types\/post"}],"author":[{"embeddable":true,"href":"https:\/\/expressaoms.com.br\/index.php\/wp-json\/wp\/v2\/users\/3"}],"replies":[{"embeddable":true,"href":"https:\/\/expressaoms.com.br\/index.php\/wp-json\/wp\/v2\/comments?post=29970"}],"version-history":[{"count":1,"href":"https:\/\/expressaoms.com.br\/index.php\/wp-json\/wp\/v2\/posts\/29970\/revisions"}],"predecessor-version":[{"id":29972,"href":"https:\/\/expressaoms.com.br\/index.php\/wp-json\/wp\/v2\/posts\/29970\/revisions\/29972"}],"wp:featuredmedia":[{"embeddable":true,"href":"https:\/\/expressaoms.com.br\/index.php\/wp-json\/wp\/v2\/media\/29971"}],"wp:attachment":[{"href":"https:\/\/expressaoms.com.br\/index.php\/wp-json\/wp\/v2\/media?parent=29970"}],"wp:term":[{"taxonomy":"category","embeddable":true,"href":"https:\/\/expressaoms.com.br\/index.php\/wp-json\/wp\/v2\/categories?post=29970"},{"taxonomy":"post_tag","embeddable":true,"href":"https:\/\/expressaoms.com.br\/index.php\/wp-json\/wp\/v2\/tags?post=29970"}],"curies":[{"name":"wp","href":"https:\/\/api.w.org\/{rel}","templated":true}]}}