{"id":2998,"date":"2021-12-15T11:23:08","date_gmt":"2021-12-15T14:23:08","guid":{"rendered":"https:\/\/expressaoms.com.br\/?p=2998"},"modified":"2021-12-15T11:23:08","modified_gmt":"2021-12-15T14:23:08","slug":"agems-fiscaliza-qualidade-e-seguranca-da-distribuicao-de-energia-na-area-de-concessao-da-neoenergia-elektro","status":"publish","type":"post","link":"https:\/\/expressaoms.com.br\/index.php\/2021\/12\/15\/agems-fiscaliza-qualidade-e-seguranca-da-distribuicao-de-energia-na-area-de-concessao-da-neoenergia-elektro\/","title":{"rendered":"AGEMS fiscaliza qualidade e seguran\u00e7a da distribui\u00e7\u00e3o de energia na \u00e1rea de concess\u00e3o da Neoenergia Elektro"},"content":{"rendered":"<p>A Ag\u00eancia Estadual de Regula\u00e7\u00e3o de Servi\u00e7os P\u00fablicos de Mato Grosso do Sul (AGEMS) realiza nesta semana fiscaliza\u00e7\u00e3o in loco dos servi\u00e7os de energia na \u00e1rea de concess\u00e3o da Neoenergia Elektro. A inspe\u00e7\u00e3o visa, principalmente, conferir a qualidade e a seguran\u00e7a da distribui\u00e7\u00e3o que atende a empreendimentos produtivos da regi\u00e3o, onde \u00e9 forte a presen\u00e7a da agroind\u00fastria da celulose.<\/p>\n<p>Esse procedimento fiscalizat\u00f3rio \u00e9 chamado An\u00e1lise de Demanda e representa a continuidade de uma a\u00e7\u00e3o que a Ag\u00eancia vem desenvolvendo desde agosto, em apoio a necessidades apresentadas por consumidores por meio da Secretaria de Meio Ambiente, Desenvolvimento Econ\u00f4mico, Produ\u00e7\u00e3o e Agricultura Familiar (Semagro). A AGEMS ir\u00e1 conferir as condi\u00e7\u00f5es de manuten\u00e7\u00e3o preventiva e corretiva, garantindo o fornecimento de energia el\u00e9trica e evitando riscos de acidentes ou inc\u00eandios florestais.<\/p>\n<p>A visita t\u00e9cnica se conclui nesta quarta-feira, 15 de dezembro, quando ser\u00e3o inspecionados trechos de redes rurais de distribui\u00e7\u00e3o, com checagem da manuten\u00e7\u00e3o de toda a estrutura, subesta\u00e7\u00f5es e pontos de entrega. Ser\u00e3o avaliados presencialmente alguns dados de levantamento realizado por empreendimentos industriais clientes da distribuidora a respeito de demandas por manuten\u00e7\u00e3o.<\/p>\n<p><img fetchpriority=\"high\" decoding=\"async\" class=\"alignnone size-full wp-image-2999\" src=\"https:\/\/expressaoms.com.br\/wp-content\/uploads\/2021\/12\/SE-Anaurilandia-2015-768x511-1.jpg\" alt=\"\" width=\"768\" height=\"511\" srcset=\"https:\/\/expressaoms.com.br\/wp-content\/uploads\/2021\/12\/SE-Anaurilandia-2015-768x511-1.jpg 768w, https:\/\/expressaoms.com.br\/wp-content\/uploads\/2021\/12\/SE-Anaurilandia-2015-768x511-1-300x200.jpg 300w\" sizes=\"(max-width: 768px) 100vw, 768px\" \/><\/p>\n<p>O Diretor de G\u00e1s e Energia, Valter A. Silva, explica que a fiscaliza\u00e7\u00e3o presencial \u00e9 de extrema import\u00e2ncia, como um procedimento complementar ao monitoramento [remoto] e \u00e0s fiscaliza\u00e7\u00f5es de escrit\u00f3rio, permitindo verificar se o servi\u00e7o est\u00e1 sendo realizado dentro de uma normalidade t\u00e9cnica, e tamb\u00e9m se tem atendido de forma satisfat\u00f3rias as demandas dos consumidores da regi\u00e3o. \u201cAs condi\u00e7\u00f5es t\u00e9cnicas e operacionais do sistema de distribui\u00e7\u00e3o, a integridade das instala\u00e7\u00f5es de prote\u00e7\u00e3o e de seguran\u00e7a e os \u00edndices de continuidade s\u00e3o os par\u00e2metros principais que podem ser observados nesse modelo de fiscaliza\u00e7\u00e3o.<\/p>\n<p>Os trabalhos come\u00e7am com uma reuni\u00e3o em Tr\u00eas Lagoas, onde a concession\u00e1ria ir\u00e1 apresentar informa\u00e7\u00f5es previamente solicitadas e indicar\u00e1 equipe t\u00e9cnica que acompanhar\u00e1 os fiscais da Ag\u00eancia em campo.<\/p>\n<p>\u201cAssim como a Energisa, a AGEMS tamb\u00e9m tem a preocupa\u00e7\u00e3o de cuidar para que na \u00e1rea de concess\u00e3o da Elektro os consumidores sejam bem atendidos. S\u00e3o cerca de 70 mil clientes em cinco munic\u00edpios e n\u00f3s pretendemos estar cada vez mais presentes e fazer com que essa popula\u00e7\u00e3o tenha a Ag\u00eancia como refer\u00eancia no cuidado com a boa presta\u00e7\u00e3o do servi\u00e7o de energia\u201d, explica o diretor-presidente da autarquia, Carlos Alberto de Assis.<\/p>\n","protected":false},"excerpt":{"rendered":"<p>A Ag\u00eancia Estadual de Regula\u00e7\u00e3o de Servi\u00e7os P\u00fablicos de Mato Grosso do Sul (AGEMS) realiza nesta semana fiscaliza\u00e7\u00e3o in loco dos servi\u00e7os de energia na \u00e1rea de concess\u00e3o da Neoenergia Elektro. A inspe\u00e7\u00e3o visa, principalmente, conferir a qualidade e a seguran\u00e7a da distribui\u00e7\u00e3o que atende a empreendimentos produtivos da regi\u00e3o, onde \u00e9 forte a presen\u00e7a [&hellip;]<\/p>\n","protected":false},"author":3,"featured_media":3000,"comment_status":"open","ping_status":"open","sticky":false,"template":"","format":"standard","meta":{"om_disable_all_campaigns":false,"_monsterinsights_skip_tracking":false,"_monsterinsights_sitenote_active":false,"_monsterinsights_sitenote_note":"","_monsterinsights_sitenote_category":0,"footnotes":""},"categories":[30,31],"tags":[],"aioseo_notices":[],"_links":{"self":[{"href":"https:\/\/expressaoms.com.br\/index.php\/wp-json\/wp\/v2\/posts\/2998"}],"collection":[{"href":"https:\/\/expressaoms.com.br\/index.php\/wp-json\/wp\/v2\/posts"}],"about":[{"href":"https:\/\/expressaoms.com.br\/index.php\/wp-json\/wp\/v2\/types\/post"}],"author":[{"embeddable":true,"href":"https:\/\/expressaoms.com.br\/index.php\/wp-json\/wp\/v2\/users\/3"}],"replies":[{"embeddable":true,"href":"https:\/\/expressaoms.com.br\/index.php\/wp-json\/wp\/v2\/comments?post=2998"}],"version-history":[{"count":1,"href":"https:\/\/expressaoms.com.br\/index.php\/wp-json\/wp\/v2\/posts\/2998\/revisions"}],"predecessor-version":[{"id":3001,"href":"https:\/\/expressaoms.com.br\/index.php\/wp-json\/wp\/v2\/posts\/2998\/revisions\/3001"}],"wp:featuredmedia":[{"embeddable":true,"href":"https:\/\/expressaoms.com.br\/index.php\/wp-json\/wp\/v2\/media\/3000"}],"wp:attachment":[{"href":"https:\/\/expressaoms.com.br\/index.php\/wp-json\/wp\/v2\/media?parent=2998"}],"wp:term":[{"taxonomy":"category","embeddable":true,"href":"https:\/\/expressaoms.com.br\/index.php\/wp-json\/wp\/v2\/categories?post=2998"},{"taxonomy":"post_tag","embeddable":true,"href":"https:\/\/expressaoms.com.br\/index.php\/wp-json\/wp\/v2\/tags?post=2998"}],"curies":[{"name":"wp","href":"https:\/\/api.w.org\/{rel}","templated":true}]}}