{"id":29990,"date":"2024-10-15T11:18:17","date_gmt":"2024-10-15T15:18:17","guid":{"rendered":"https:\/\/expressaoms.com.br\/?p=29990"},"modified":"2024-10-15T11:18:17","modified_gmt":"2024-10-15T15:18:17","slug":"radares-de-velocidade-do-detran-comecam-a-operar-nesta-quarta-feira-16","status":"publish","type":"post","link":"https:\/\/expressaoms.com.br\/index.php\/2024\/10\/15\/radares-de-velocidade-do-detran-comecam-a-operar-nesta-quarta-feira-16\/","title":{"rendered":"Radares de velocidade do DETRAN come\u00e7am a operar nesta quarta-feira (16)"},"content":{"rendered":"<p>A Prefeitura de Tr\u00eas Lagoas e o Departamento Estadual de Tr\u00e2nsito de Mato Grosso do Sul (Detran MS) informam aos motoristas que, a partir desta quarta-feira, 16 de outubro, os radares instalados pelo Detran MS come\u00e7ar\u00e3o a gerar multas por infra\u00e7\u00f5es de excesso de velocidade. At\u00e9 o momento, os aparelhos estar\u00e3o operando apenas em modo educativo, sem a emiss\u00e3o de multas.<\/p>\n<p>De acordo com a Secretaria Municipal Geral (SEG) e a Secretaria Municipal de Infraestrutura, Transporte e Tr\u00e2nsito (SEINTRA), essa medida visa aumentar a seguran\u00e7a no tr\u00e2nsito e reduzir o n\u00famero de acidentes na cidade. A Prefeitura e o Detran MS pedem a colabora\u00e7\u00e3o de todos os motoristas para respeitarem os limites de velocidade estabelecidos e evitarem penalidades.<\/p>\n<p><strong><em>Os radares de velocidade est\u00e3o localizados nos seguintes pontos:<\/em><\/strong><\/p>\n<ul class=\"wp-block-list\">\n<li>Rua Cust\u00f3dio Andrews, pr\u00f3ximo ao Est\u00e1dio da ADEN;<\/li>\n<li>Avenida Ros\u00e1rio Congro, na baixada do Jardim Alvorada, pr\u00f3ximo ao Detran;<\/li>\n<li>Rua Maria Guilhermina Esteves, pr\u00f3ximo \u00e0 Banda Marcial;<\/li>\n<li>Avenida Elviro M\u00e1rio Mancini, pr\u00f3ximo ao n\u00famero 1685;<\/li>\n<li>Avenida Elviro M\u00e1rio Mancini, pr\u00f3ximo ao F\u00f3rum;<\/li>\n<li>Avenida Aldair Rosa de Oliveira (Circular da Lagoa Maior), pr\u00f3ximo \u00e0 Delegacia da PRF;<\/li>\n<li>Avenida Olinto Mancini, junto \u00e0 Cl\u00ednica da Mulher;<\/li>\n<li>Avenida Eg\u00eddio Thom\u00e9, pr\u00f3ximo ao Jupi\u00e1;<\/li>\n<li>Avenida Jamil Jorge Salom\u00e3o, perto do Balne\u00e1rio.<\/li>\n<\/ul>\n","protected":false},"excerpt":{"rendered":"<p>A Prefeitura de Tr\u00eas Lagoas e o Departamento Estadual de Tr\u00e2nsito de Mato Grosso do Sul (Detran MS) informam aos motoristas que, a partir desta quarta-feira, 16 de outubro, os radares instalados pelo Detran MS come\u00e7ar\u00e3o a gerar multas por infra\u00e7\u00f5es de excesso de velocidade. At\u00e9 o momento, os aparelhos estar\u00e3o operando apenas em modo [&hellip;]<\/p>\n","protected":false},"author":2,"featured_media":29991,"comment_status":"open","ping_status":"open","sticky":false,"template":"","format":"standard","meta":{"om_disable_all_campaigns":false,"_monsterinsights_skip_tracking":false,"_monsterinsights_sitenote_active":false,"_monsterinsights_sitenote_note":"","_monsterinsights_sitenote_category":0,"footnotes":""},"categories":[36,48],"tags":[],"aioseo_notices":[],"_links":{"self":[{"href":"https:\/\/expressaoms.com.br\/index.php\/wp-json\/wp\/v2\/posts\/29990"}],"collection":[{"href":"https:\/\/expressaoms.com.br\/index.php\/wp-json\/wp\/v2\/posts"}],"about":[{"href":"https:\/\/expressaoms.com.br\/index.php\/wp-json\/wp\/v2\/types\/post"}],"author":[{"embeddable":true,"href":"https:\/\/expressaoms.com.br\/index.php\/wp-json\/wp\/v2\/users\/2"}],"replies":[{"embeddable":true,"href":"https:\/\/expressaoms.com.br\/index.php\/wp-json\/wp\/v2\/comments?post=29990"}],"version-history":[{"count":1,"href":"https:\/\/expressaoms.com.br\/index.php\/wp-json\/wp\/v2\/posts\/29990\/revisions"}],"predecessor-version":[{"id":29992,"href":"https:\/\/expressaoms.com.br\/index.php\/wp-json\/wp\/v2\/posts\/29990\/revisions\/29992"}],"wp:featuredmedia":[{"embeddable":true,"href":"https:\/\/expressaoms.com.br\/index.php\/wp-json\/wp\/v2\/media\/29991"}],"wp:attachment":[{"href":"https:\/\/expressaoms.com.br\/index.php\/wp-json\/wp\/v2\/media?parent=29990"}],"wp:term":[{"taxonomy":"category","embeddable":true,"href":"https:\/\/expressaoms.com.br\/index.php\/wp-json\/wp\/v2\/categories?post=29990"},{"taxonomy":"post_tag","embeddable":true,"href":"https:\/\/expressaoms.com.br\/index.php\/wp-json\/wp\/v2\/tags?post=29990"}],"curies":[{"name":"wp","href":"https:\/\/api.w.org\/{rel}","templated":true}]}}