{"id":30011,"date":"2024-10-14T11:28:25","date_gmt":"2024-10-14T15:28:25","guid":{"rendered":"https:\/\/expressaoms.com.br\/?p=30011"},"modified":"2024-10-15T11:31:28","modified_gmt":"2024-10-15T15:31:28","slug":"idoso-morre-em-acidente-com-maquina-de-triturar-cana-em-fazenda-de-tres-lagoas","status":"publish","type":"post","link":"https:\/\/expressaoms.com.br\/index.php\/2024\/10\/14\/idoso-morre-em-acidente-com-maquina-de-triturar-cana-em-fazenda-de-tres-lagoas\/","title":{"rendered":"Idoso morre em acidente com m\u00e1quina de triturar cana em fazenda de Tr\u00eas Lagoas"},"content":{"rendered":"<div class=\"flex max-w-full flex-col flex-grow\">\n<div class=\"min-h-8 text-message flex w-full flex-col items-end gap-2 whitespace-normal break-words [.text-message+&amp;]:mt-5\" dir=\"auto\" data-message-author-role=\"assistant\" data-message-id=\"279a822e-d12c-467a-8e1a-4b1bb2b9c02b\" data-message-model-slug=\"gpt-4o\">\n<div class=\"flex w-full flex-col gap-1 empty:hidden first:pt-[3px]\">\n<div class=\"markdown prose w-full break-words dark:prose-invert light\">\n<p>Um idoso de 60 anos faleceu ap\u00f3s ser puxado por uma m\u00e1quina de triturar cana acoplada a um trator na manh\u00e3 de s\u00e1bado (12), em uma fazenda localizada na rodovia MS-320, zona rural de Tr\u00eas Lagoas. O acidente ocorreu por volta das 5h40, enquanto a v\u00edtima operava o equipamento.<\/p>\n<p>Segundo o relato da esposa, o homem escorregou e foi puxado pela perna e pelo bra\u00e7o direitos, ficando preso na m\u00e1quina. Ao ouvir os gritos de socorro, a esposa correu para ajudar, juntamente com um vizinho que estava pr\u00f3ximo ao local. O vizinho conseguiu desligar o trator e a m\u00e1quina, enquanto a mulher acionava o Corpo de Bombeiros e o Servi\u00e7o de Atendimento M\u00f3vel de Urg\u00eancia (Samu).<\/p>\n<p>Os socorristas chegaram rapidamente e prestaram os primeiros socorros, mas devido \u00e0 gravidade dos ferimentos, o idoso foi levado ao Hospital Nossa Senhora Auxiliadora, onde faleceu \u00e0s 12h35, apesar dos esfor\u00e7os m\u00e9dicos.<\/p>\n<p>O caso foi registrado como morte a esclarecer na Delegacia de Pronto Atendimento Comunit\u00e1rio (Depac) de Tr\u00eas Lagoas, e a Pol\u00edcia Civil abriu investiga\u00e7\u00e3o para apurar as circunst\u00e2ncias do acidente.<\/p>\n<\/div>\n<\/div>\n<\/div>\n<\/div>\n","protected":false},"excerpt":{"rendered":"<p>Um idoso de 60 anos faleceu ap\u00f3s ser puxado por uma m\u00e1quina de triturar cana acoplada a um trator na manh\u00e3 de s\u00e1bado (12), em uma fazenda localizada na rodovia MS-320, zona rural de Tr\u00eas Lagoas. O acidente ocorreu por volta das 5h40, enquanto a v\u00edtima operava o equipamento. Segundo o relato da esposa, o [&hellip;]<\/p>\n","protected":false},"author":2,"featured_media":30012,"comment_status":"open","ping_status":"open","sticky":false,"template":"","format":"standard","meta":{"om_disable_all_campaigns":false,"_monsterinsights_skip_tracking":false,"_monsterinsights_sitenote_active":false,"_monsterinsights_sitenote_note":"","_monsterinsights_sitenote_category":0,"footnotes":""},"categories":[41,48],"tags":[],"aioseo_notices":[],"_links":{"self":[{"href":"https:\/\/expressaoms.com.br\/index.php\/wp-json\/wp\/v2\/posts\/30011"}],"collection":[{"href":"https:\/\/expressaoms.com.br\/index.php\/wp-json\/wp\/v2\/posts"}],"about":[{"href":"https:\/\/expressaoms.com.br\/index.php\/wp-json\/wp\/v2\/types\/post"}],"author":[{"embeddable":true,"href":"https:\/\/expressaoms.com.br\/index.php\/wp-json\/wp\/v2\/users\/2"}],"replies":[{"embeddable":true,"href":"https:\/\/expressaoms.com.br\/index.php\/wp-json\/wp\/v2\/comments?post=30011"}],"version-history":[{"count":2,"href":"https:\/\/expressaoms.com.br\/index.php\/wp-json\/wp\/v2\/posts\/30011\/revisions"}],"predecessor-version":[{"id":30014,"href":"https:\/\/expressaoms.com.br\/index.php\/wp-json\/wp\/v2\/posts\/30011\/revisions\/30014"}],"wp:featuredmedia":[{"embeddable":true,"href":"https:\/\/expressaoms.com.br\/index.php\/wp-json\/wp\/v2\/media\/30012"}],"wp:attachment":[{"href":"https:\/\/expressaoms.com.br\/index.php\/wp-json\/wp\/v2\/media?parent=30011"}],"wp:term":[{"taxonomy":"category","embeddable":true,"href":"https:\/\/expressaoms.com.br\/index.php\/wp-json\/wp\/v2\/categories?post=30011"},{"taxonomy":"post_tag","embeddable":true,"href":"https:\/\/expressaoms.com.br\/index.php\/wp-json\/wp\/v2\/tags?post=30011"}],"curies":[{"name":"wp","href":"https:\/\/api.w.org\/{rel}","templated":true}]}}