{"id":30027,"date":"2024-10-06T11:19:48","date_gmt":"2024-10-06T15:19:48","guid":{"rendered":"https:\/\/expressaoms.com.br\/?p=30027"},"modified":"2024-10-16T11:21:08","modified_gmt":"2024-10-16T15:21:08","slug":"via-fundect-e-semadesc-governo-investe-mais-de-r-5-milhoes-em-programa-de-residencia-agraria","status":"publish","type":"post","link":"https:\/\/expressaoms.com.br\/index.php\/2024\/10\/06\/via-fundect-e-semadesc-governo-investe-mais-de-r-5-milhoes-em-programa-de-residencia-agraria\/","title":{"rendered":"Via Fundect e Semadesc, Governo investe mais de R$ 5 milh\u00f5es em Programa de Resid\u00eancia Agr\u00e1ria"},"content":{"rendered":"<p dir=\"ltr\">A Fundect (Funda\u00e7\u00e3o de Apoio ao Desenvolvimento do Ensino, Ci\u00eancia e Tecnologia de Mato Grosso do Sul) e a Semadesc (Secretaria de Estado de Meio Ambiente, Desenvolvimento, Ci\u00eancia, Tecnologia e Inova\u00e7\u00e3o), por meio da Seaf (Secretaria Executiva de Agricultura Familiar, de Povos Origin\u00e1rios e Comunidades Tradicionais), lan\u00e7am edital in\u00e9dito do Programa de Resid\u00eancia em Extens\u00e3o Rural da Agricultura Familiar de Mato Grosso do Sul.<\/p>\n<p dir=\"ltr\">Com investimentos de R$ 5,4 milh\u00f5es, a iniciativa pretende integrar rec\u00e9m-formados aos ambientes de trabalho, por com treinamentos pr\u00e1ticos e supervisionados, al\u00e9m de aproximar e fortalecer a rela\u00e7\u00e3o do universo acad\u00eamico com a realidade da agricultura sul-mato-grossense, contribuindo para a forma\u00e7\u00e3o de profissionais capazes de dar respostas \u00e0s demandas colocadas pelos diferentes segmentos do setor produtivo agropecu\u00e1rio.<\/p>\n<p dir=\"ltr\">&#8220;O programa vai permitir que jovens rec\u00e9m-formados nos cursos ligados \u00e0s Ci\u00eancias Agr\u00e1rias, ou \u00e1reas afins, atuem em unidades produtivas da agricultura familiar, dos povos origin\u00e1rios e tamb\u00e9m das comunidades tradicionais. Isso vai permitir que tenhamos uma nova gera\u00e7\u00e3o de extensionistas rurais, al\u00e9m do avan\u00e7o da produtividade. Mato Grosso do Sul est\u00e1 \u00e0 frente e cria solu\u00e7\u00f5es para a gente tamb\u00e9m gerar seguran\u00e7a alimentar, mais produtos e permitir que todo mundo tenha mais renda e qualifica\u00e7\u00e3o&#8221;, explica o diretor-presidente da Fundect, M\u00e1rcio de Ara\u00fajo Pereira.<\/p>\n<p dir=\"ltr\">A iniciativa contempla, al\u00e9m da agricultura familiar, as comunidades de Povos Origin\u00e1rios e as Comunidades Tradicionais de Mato Grosso do Sul, levando servi\u00e7os especializados e m\u00e3o-de-obra qualificada para melhorar a produtividade e reduzir custos no agroneg\u00f3cio.<\/p>\n<p dir=\"ltr\">Os profissionais de Ci\u00eancias Agr\u00e1rias ter\u00e3o a oportunidade de atuar em temas estrat\u00e9gicos para o desenvolvimento tecnol\u00f3gico, financeiro e social dos pequenos agricultores como\u00a0Carbono Neutro, Agrofloresta, Horticultura, Pecu\u00e1ria de Leite, Apicultura, Agricultura urbana e periurbana; Comercializa\u00e7\u00e3o; Agroind\u00fastria\u00a0 e Cooperativismo e Associativismo.<\/p>\n<p dir=\"ltr\">\u201cN\u00f3s estaremos selecionando 40 profissionais que ir\u00e3o exercer a sua forma\u00e7\u00e3o de forma experimental na realidade da agricultura familiar. Ser\u00e3o todas as universidades p\u00fablicas e as universidades particulares participando para que a gente possa ter a incorpora\u00e7\u00e3o desses egressos, profissionais com forma\u00e7\u00e3o de at\u00e9 cinco anos\u201d, detalha Humberto de Mello Pereira, titular da Seaf.<\/p>\n<p dir=\"ltr\">De acordo com o edital,\u00a0as propostas para a\u00a0<a href=\"https:\/\/www.fundect.ms.gov.br\/residencia\/\" target=\"_blank\" rel=\"noopener\" data-saferedirecturl=\"https:\/\/www.google.com\/url?q=https:\/\/www.fundect.ms.gov.br\/residencia\/&amp;source=gmail&amp;ust=1728136114956000&amp;usg=AOvVaw0M7YGNVeg_c17XNCpCGfnq\">Chamada Fundect\/Semadesc\/SEAF 22\/2024<\/a> devem ser submetidas, via SigFundect, at\u00e9 \u00e0s 17h do dia 25 de outubro.<\/p>\n","protected":false},"excerpt":{"rendered":"<p>A Fundect (Funda\u00e7\u00e3o de Apoio ao Desenvolvimento do Ensino, Ci\u00eancia e Tecnologia de Mato Grosso do Sul) e a Semadesc (Secretaria de Estado de Meio Ambiente, Desenvolvimento, Ci\u00eancia, Tecnologia e Inova\u00e7\u00e3o), por meio da Seaf (Secretaria Executiva de Agricultura Familiar, de Povos Origin\u00e1rios e Comunidades Tradicionais), lan\u00e7am edital in\u00e9dito do Programa de Resid\u00eancia em Extens\u00e3o [&hellip;]<\/p>\n","protected":false},"author":2,"featured_media":30028,"comment_status":"open","ping_status":"open","sticky":false,"template":"","format":"standard","meta":{"om_disable_all_campaigns":false,"_monsterinsights_skip_tracking":false,"_monsterinsights_sitenote_active":false,"_monsterinsights_sitenote_note":"","_monsterinsights_sitenote_category":0,"footnotes":""},"categories":[36,266],"tags":[],"aioseo_notices":[],"_links":{"self":[{"href":"https:\/\/expressaoms.com.br\/index.php\/wp-json\/wp\/v2\/posts\/30027"}],"collection":[{"href":"https:\/\/expressaoms.com.br\/index.php\/wp-json\/wp\/v2\/posts"}],"about":[{"href":"https:\/\/expressaoms.com.br\/index.php\/wp-json\/wp\/v2\/types\/post"}],"author":[{"embeddable":true,"href":"https:\/\/expressaoms.com.br\/index.php\/wp-json\/wp\/v2\/users\/2"}],"replies":[{"embeddable":true,"href":"https:\/\/expressaoms.com.br\/index.php\/wp-json\/wp\/v2\/comments?post=30027"}],"version-history":[{"count":1,"href":"https:\/\/expressaoms.com.br\/index.php\/wp-json\/wp\/v2\/posts\/30027\/revisions"}],"predecessor-version":[{"id":30029,"href":"https:\/\/expressaoms.com.br\/index.php\/wp-json\/wp\/v2\/posts\/30027\/revisions\/30029"}],"wp:featuredmedia":[{"embeddable":true,"href":"https:\/\/expressaoms.com.br\/index.php\/wp-json\/wp\/v2\/media\/30028"}],"wp:attachment":[{"href":"https:\/\/expressaoms.com.br\/index.php\/wp-json\/wp\/v2\/media?parent=30027"}],"wp:term":[{"taxonomy":"category","embeddable":true,"href":"https:\/\/expressaoms.com.br\/index.php\/wp-json\/wp\/v2\/categories?post=30027"},{"taxonomy":"post_tag","embeddable":true,"href":"https:\/\/expressaoms.com.br\/index.php\/wp-json\/wp\/v2\/tags?post=30027"}],"curies":[{"name":"wp","href":"https:\/\/api.w.org\/{rel}","templated":true}]}}