{"id":3011,"date":"2021-12-15T12:48:28","date_gmt":"2021-12-15T15:48:28","guid":{"rendered":"https:\/\/expressaoms.com.br\/?p=3011"},"modified":"2021-12-15T12:48:28","modified_gmt":"2021-12-15T15:48:28","slug":"lancado-programa-rodovida-para-reduzir-acidentes-de-transito","status":"publish","type":"post","link":"https:\/\/expressaoms.com.br\/index.php\/2021\/12\/15\/lancado-programa-rodovida-para-reduzir-acidentes-de-transito\/","title":{"rendered":"Lan\u00e7ado Programa Rodovida para reduzir acidentes de tr\u00e2nsito"},"content":{"rendered":"<p>Intensificar a fiscaliza\u00e7\u00e3o com a integra\u00e7\u00e3o entre \u00f3rg\u00e3os p\u00fablicos federais, estaduais e municipais para prevenir acidentes de tr\u00e2nsito e conscientizar os condutores. Esses s\u00e3o os objetivos do Programa Rodovida, da Pol\u00edcia Rodovi\u00e1ria Federal, lan\u00e7ado nessa ter\u00e7a-feira (14). A a\u00e7\u00e3o tem o apoio do Minist\u00e9rio da Infraestrutura.<\/p>\n<p>O Rodovida \u00e9 um conjunto de a\u00e7\u00f5es, organizadas pela Pol\u00edcia Rodovi\u00e1ria Federal, em parceria com os \u00f3rg\u00e3os do Sistema Nacional de Tr\u00e2nsito, para reduzir os acidentes de tr\u00e2nsito nas rodovias durante os feriados de fim de ano, f\u00e9rias escolares e Carnaval. O programa ocorre at\u00e9 mar\u00e7o de 2022.<\/p>\n<p>Ao discursar na cerim\u00f4nia, o Presidente Jair Bolsonaro elogiou o trabalho realizado pela Pol\u00edcia Rodovi\u00e1ria Federal nas estradas do pa\u00eds. \u201cAssim como no futebol, a gente escala o time. Quem bate o p\u00eanalti s\u00e3o voc\u00eas, os agentes na ponta da linha, e n\u00f3s temos que valorizar. Eu reconhe\u00e7o que o trabalho de voc\u00eas \u00e9 excepcional\u201d, disse.<\/p>\n<h3>Redu\u00e7\u00e3o de acidentes<\/h3>\n<p>O Programa foi criado a partir da Opera\u00e7\u00e3o Rodovida, institu\u00edda pela Pol\u00edcia Rodovi\u00e1ria Federal em 2011 para intensificar as a\u00e7\u00f5es de fiscaliza\u00e7\u00e3o integrada nas festas de fim de ano se estendendo at\u00e9 o Carnaval. Os bons resultados fizeram com que a opera\u00e7\u00e3o fosse transformada em programa, tornando as a\u00e7\u00f5es mais abrangentes.<\/p>\n<p>\u201cEssa opera\u00e7\u00e3o se eleva ao n\u00edvel de programa e ser\u00e1 estendido a todos os \u00f3rg\u00e3os de tr\u00e2nsito do pa\u00eds. N\u00e3o s\u00f3 nas rodovias federais, mas tamb\u00e9m nas rodovias estaduais, municipais e, at\u00e9 mesmo nas vias urbanas, em localidades que recebem turista nesse per\u00edodo de ver\u00e3o. Esse \u00e9 um marco muito importante que celebra essa integra\u00e7\u00e3o dos \u00f3rg\u00e3os buscando sempre a seguran\u00e7a no tr\u00e2nsito\u201d, disse o titular da Secret\u00e1ria Nacional de Tr\u00e2nsito do Minist\u00e9rio da Infraestrutura, Frederico Carneiro.<\/p>\n<p>Os dados apresentados pela Pol\u00edcia Rodovi\u00e1ria Federal na cerim\u00f4nia apontam que em 2010 foram registradas cerca de 8.700 mortes em rodovias federais no pa\u00eds. De acordo com a corpora\u00e7\u00e3o, a mobiliza\u00e7\u00e3o realizada pela Opera\u00e7\u00e3o Rodovida a partir de sua cria\u00e7\u00e3o, em 2011, interrompeu a sequ\u00eancia de alta e, em 2020, foram registrados cerca de 5.800 \u00f3bitos.<\/p>\n<p>Ao longo dos anos, a Opera\u00e7\u00e3o intensificou a pol\u00edtica de integra\u00e7\u00e3o para ampliar os efeitos preventivos desenvolvidos pela Pol\u00edcia Rodovi\u00e1ria Federal e parceiros. Tamb\u00e9m teve em sua pauta a atividade de fiscaliza\u00e7\u00e3o e educa\u00e7\u00e3o para o tr\u00e2nsito.<\/p>\n<h3>Moderniza\u00e7\u00e3o no tr\u00e2nsito<\/h3>\n<p>O ministro da Infraestrutura, Tarc\u00edsio Gomes de Freitas, afirmou que \u00e9 preciso combater a perda de vidas no tr\u00e2nsito com a participa\u00e7\u00e3o da popula\u00e7\u00e3o. \u201c\u00c9 importante que a sociedade se conscientize da import\u00e2ncia e do valor de um tr\u00e2nsito seguro\u201d, disse.<\/p>\n<p>O ministro destacou que o governo tem empreendido esfor\u00e7os para modernizar a legisla\u00e7\u00e3o de tr\u00e2nsito e digitalizar os servi\u00e7os ligados \u00e0 \u00e1rea. Segundo ele, as mudan\u00e7as t\u00eam tornado a legisla\u00e7\u00e3o mais severa para condutores que cometem infra\u00e7\u00f5es graves, como dirigir alcoolizado, e desburocratizado a vida do condutor que comete infra\u00e7\u00f5es leves.<\/p>\n<p>\u201cTudo \u00e9 feito para que a vida do cidad\u00e3o fique mais f\u00e1cil e, ao mesmo tempo, mais segura porque estamos caminhando no trip\u00e9: engenharia, educa\u00e7\u00e3o e fiscaliza\u00e7\u00e3o\u201d, destacou Tarc\u00edsio Gomes de Freitas<\/p>\n<p>O Programa Rodovida j\u00e1 est\u00e1 em opera\u00e7\u00e3o para os feriados deste fim de ano e f\u00e9rias escolares. O programa segue at\u00e9 mar\u00e7o de 2022.<\/p>\n","protected":false},"excerpt":{"rendered":"<p>Intensificar a fiscaliza\u00e7\u00e3o com a integra\u00e7\u00e3o entre \u00f3rg\u00e3os p\u00fablicos federais, estaduais e municipais para prevenir acidentes de tr\u00e2nsito e conscientizar os condutores. Esses s\u00e3o os objetivos do Programa Rodovida, da Pol\u00edcia Rodovi\u00e1ria Federal, lan\u00e7ado nessa ter\u00e7a-feira (14). A a\u00e7\u00e3o tem o apoio do Minist\u00e9rio da Infraestrutura. O Rodovida \u00e9 um conjunto de a\u00e7\u00f5es, organizadas pela [&hellip;]<\/p>\n","protected":false},"author":3,"featured_media":3012,"comment_status":"open","ping_status":"open","sticky":false,"template":"","format":"standard","meta":{"om_disable_all_campaigns":false,"_monsterinsights_skip_tracking":false,"_monsterinsights_sitenote_active":false,"_monsterinsights_sitenote_note":"","_monsterinsights_sitenote_category":0,"footnotes":""},"categories":[42],"tags":[],"aioseo_notices":[],"_links":{"self":[{"href":"https:\/\/expressaoms.com.br\/index.php\/wp-json\/wp\/v2\/posts\/3011"}],"collection":[{"href":"https:\/\/expressaoms.com.br\/index.php\/wp-json\/wp\/v2\/posts"}],"about":[{"href":"https:\/\/expressaoms.com.br\/index.php\/wp-json\/wp\/v2\/types\/post"}],"author":[{"embeddable":true,"href":"https:\/\/expressaoms.com.br\/index.php\/wp-json\/wp\/v2\/users\/3"}],"replies":[{"embeddable":true,"href":"https:\/\/expressaoms.com.br\/index.php\/wp-json\/wp\/v2\/comments?post=3011"}],"version-history":[{"count":1,"href":"https:\/\/expressaoms.com.br\/index.php\/wp-json\/wp\/v2\/posts\/3011\/revisions"}],"predecessor-version":[{"id":3013,"href":"https:\/\/expressaoms.com.br\/index.php\/wp-json\/wp\/v2\/posts\/3011\/revisions\/3013"}],"wp:featuredmedia":[{"embeddable":true,"href":"https:\/\/expressaoms.com.br\/index.php\/wp-json\/wp\/v2\/media\/3012"}],"wp:attachment":[{"href":"https:\/\/expressaoms.com.br\/index.php\/wp-json\/wp\/v2\/media?parent=3011"}],"wp:term":[{"taxonomy":"category","embeddable":true,"href":"https:\/\/expressaoms.com.br\/index.php\/wp-json\/wp\/v2\/categories?post=3011"},{"taxonomy":"post_tag","embeddable":true,"href":"https:\/\/expressaoms.com.br\/index.php\/wp-json\/wp\/v2\/tags?post=3011"}],"curies":[{"name":"wp","href":"https:\/\/api.w.org\/{rel}","templated":true}]}}