{"id":30112,"date":"2024-10-21T09:08:40","date_gmt":"2024-10-21T13:08:40","guid":{"rendered":"https:\/\/expressaoms.com.br\/?p=30112"},"modified":"2024-10-21T09:08:40","modified_gmt":"2024-10-21T13:08:40","slug":"pista-de-caminhada-da-lagoa-tera-desvio-por-causa-das-obras-do-deck","status":"publish","type":"post","link":"https:\/\/expressaoms.com.br\/index.php\/2024\/10\/21\/pista-de-caminhada-da-lagoa-tera-desvio-por-causa-das-obras-do-deck\/","title":{"rendered":"Pista de caminhada da lagoa ter\u00e1 desvio por causa das obras do deck"},"content":{"rendered":"<p data-raofz=\"16\">A Prefeitura de Tr\u00eas Lagoas informa que um trecho da pista de caminhada da Lagoa Maior ter\u00e1 um desvio temporario devido \u00e0s obras de constru\u00e7\u00e3o do novo deck, realizadas pela Secretaria Municipal de Infraestrutura, Transporte e Tr\u00e2nsito (SEINTRA) e Secretaria Municipal de Meio Ambiente e Agroneg\u00f3cio (SEMEA).<\/p>\n<p data-raofz=\"16\">Para garantir a seguran\u00e7a dos usu\u00e1rios, o desvio foi feito com pedras, permitindo que as melhorias na \u00e1rea prossigam sem maiores interrup\u00e7\u00f5es.<\/p>\n<p data-raofz=\"16\">O projeto do deck, que faz parte do Pacot\u00e3o de Obras, abrange uma \u00e1rea de 570,45 m\u00b2 e tem como objetivo criar espa\u00e7os para uso coletivo, al\u00e9m de melhorar a paisagem local e oferecer novas op\u00e7\u00f5es de lazer, com\u00e9rcio e turismo. Essa iniciativa visa refor\u00e7ar a Lagoa Maior como um ponto de encontro e conviv\u00eancia, promovendo intera\u00e7\u00f5es com a natureza e a paisagem urbana.<\/p>\n<p data-raofz=\"16\">\u201cPedimos a compreens\u00e3o de todos os frequentadores e ressaltamos a import\u00e2ncia dessas melhorias para o bem-estar da comunidade. A previs\u00e3o \u00e9 que as obras sejam conclu\u00eddas em breve, trazendo benef\u00edcios significativos para a Lagoa Maior e seus visitantes\u201d, informou Jos\u00e9 Mauro De Grandi Junior, secret\u00e1rio da SEMEA.<\/p>\n","protected":false},"excerpt":{"rendered":"<p>A Prefeitura de Tr\u00eas Lagoas informa que um trecho da pista de caminhada da Lagoa Maior ter\u00e1 um desvio temporario devido \u00e0s obras de constru\u00e7\u00e3o do novo deck, realizadas pela Secretaria Municipal de Infraestrutura, Transporte e Tr\u00e2nsito (SEINTRA) e Secretaria Municipal de Meio Ambiente e Agroneg\u00f3cio (SEMEA). Para garantir a seguran\u00e7a dos usu\u00e1rios, o desvio [&hellip;]<\/p>\n","protected":false},"author":2,"featured_media":30113,"comment_status":"open","ping_status":"open","sticky":false,"template":"","format":"standard","meta":{"om_disable_all_campaigns":false,"_monsterinsights_skip_tracking":false,"_monsterinsights_sitenote_active":false,"_monsterinsights_sitenote_note":"","_monsterinsights_sitenote_category":0,"footnotes":""},"categories":[36,192,48],"tags":[],"aioseo_notices":[],"_links":{"self":[{"href":"https:\/\/expressaoms.com.br\/index.php\/wp-json\/wp\/v2\/posts\/30112"}],"collection":[{"href":"https:\/\/expressaoms.com.br\/index.php\/wp-json\/wp\/v2\/posts"}],"about":[{"href":"https:\/\/expressaoms.com.br\/index.php\/wp-json\/wp\/v2\/types\/post"}],"author":[{"embeddable":true,"href":"https:\/\/expressaoms.com.br\/index.php\/wp-json\/wp\/v2\/users\/2"}],"replies":[{"embeddable":true,"href":"https:\/\/expressaoms.com.br\/index.php\/wp-json\/wp\/v2\/comments?post=30112"}],"version-history":[{"count":1,"href":"https:\/\/expressaoms.com.br\/index.php\/wp-json\/wp\/v2\/posts\/30112\/revisions"}],"predecessor-version":[{"id":30114,"href":"https:\/\/expressaoms.com.br\/index.php\/wp-json\/wp\/v2\/posts\/30112\/revisions\/30114"}],"wp:featuredmedia":[{"embeddable":true,"href":"https:\/\/expressaoms.com.br\/index.php\/wp-json\/wp\/v2\/media\/30113"}],"wp:attachment":[{"href":"https:\/\/expressaoms.com.br\/index.php\/wp-json\/wp\/v2\/media?parent=30112"}],"wp:term":[{"taxonomy":"category","embeddable":true,"href":"https:\/\/expressaoms.com.br\/index.php\/wp-json\/wp\/v2\/categories?post=30112"},{"taxonomy":"post_tag","embeddable":true,"href":"https:\/\/expressaoms.com.br\/index.php\/wp-json\/wp\/v2\/tags?post=30112"}],"curies":[{"name":"wp","href":"https:\/\/api.w.org\/{rel}","templated":true}]}}