{"id":30121,"date":"2024-10-21T12:47:12","date_gmt":"2024-10-21T16:47:12","guid":{"rendered":"https:\/\/expressaoms.com.br\/?p=30121"},"modified":"2024-10-21T12:47:12","modified_gmt":"2024-10-21T16:47:12","slug":"bracell-e-ms-florestal-tem-inscricoes-abertas-para-programa-de-trainee-2024","status":"publish","type":"post","link":"https:\/\/expressaoms.com.br\/index.php\/2024\/10\/21\/bracell-e-ms-florestal-tem-inscricoes-abertas-para-programa-de-trainee-2024\/","title":{"rendered":"Bracell e MS Florestal tem inscri\u00e7\u00f5es abertas para Programa de Trainee 2024"},"content":{"rendered":"<p>O Programa de Trainee 2025 da Bracell e MS Florestal &#8211; empresas do grupo RGE (Royal Golden Eagle) no Brasil \u2013 est\u00e1 com a \u00faltima semana de inscri\u00e7\u00f5es abertas. A Bracell \u00e9 l\u00edder global na produ\u00e7\u00e3o de celulose sol\u00favel e especial e, desde 2023, atua tamb\u00e9m no segmento brasileiro de pap\u00e9is tissue com a Bracell Pap\u00e9is, uma das maiores fabricantes do setor no Nordeste do pa\u00eds. J\u00e1 a MS Florestal \u00e9 especializada em silvicultura, com atividades de opera\u00e7\u00e3o florestal no Mato Grosso do Sul. Podem se candidatar graduados que completaram seus cursos a partir de dezembro de 2022 ou que ir\u00e3o concluir a forma\u00e7\u00e3o acad\u00eamica at\u00e9 dezembro de 2024. O programa oferece cerca de 70 vagas, com remunera\u00e7\u00e3o de R$ 7.500,00, e as inscri\u00e7\u00f5es permanecem abertas at\u00e9 o dia 28 de outubro.<\/p>\n<p>As posi\u00e7\u00f5es dispon\u00edveis s\u00e3o para atua\u00e7\u00e3o em diversas \u00e1reas das companhias nos estados de S\u00e3o Paulo (Len\u00e7\u00f3is Paulista e Santos), Bahia (Cama\u00e7ari, Alagoinhas, Feira de Santana e Entre Rios), e Mato Grosso do Sul (\u00c1gua Clara e Bataguassu). Para se candidatar \u00e0s oportunidades, \u00e9 desej\u00e1vel ter conhecimento de ingl\u00eas (n\u00e3o obrigat\u00f3rio), disponibilidade para trabalhar 44 horas semanais em regime 100% presencial e flexibilidade para viagens e mudan\u00e7a de cidade ou estado. Os interessados devem se inscrever no site\u00a0<a href=\"https:\/\/u5451556.ct.sendgrid.net\/ls\/click?upn=u001.fsGl-2BxEbJEGp-2F19PQCAbdJu-2BTPmZYGNIn6RHTxShBisX2FtaBUuu36HE6fKV7TW4ezLmz3RPWzyhWfYqH7R7Nwp9pJZfp5rkh3tr-2FfEjX1w-3DKz6f_pIbxPfpDI69aAybPrpOfg2B-2BaYst3dOus5jVnmK9qh0kmIki7ABIhT71tWK-2Frv52E21pW-2FYsSSj63-2FvknAdyKKkHjfP-2FKIvTqryIqMGPvEPGwiHINX1x028a0i37-2BfhWWG25nac7065vmCU11HR9tJfKzJn-2FrCQLXlj-2BvDjey62DmPrHOX5j26Wi5PuXYI-2B5-2FzXegbNG14RuR2-2B9zbq0n16KiY5jko5LckH-2FJqShF7IkYyDeACC71ASh-2Fle24PAxF2NhLZWOzK-2BALHXi2Sfj6Q-3D-3D\" target=\"_blank\" rel=\"noopener noreferrer\">https:\/\/www.bracell.com\/carreiras\/programachegajunto\/trainee\/<\/a>.<\/p>\n<p>Com dura\u00e7\u00e3o de 24 meses, o programa \u00e9 aberto a estudantes de todos os cursos de bacharelado e licenciatura nas \u00e1reas de exatas, humanas e biol\u00f3gicas. Al\u00e9m disso, os aprovados ter\u00e3o acesso a uma s\u00e9rie de benef\u00edcios, incluindo participa\u00e7\u00e3o nos lucros, seguro de vida, assist\u00eancia m\u00e9dica e odontol\u00f3gica, vale-alimenta\u00e7\u00e3o e plano de previd\u00eancia privada.<\/p>\n<p>Marcela Fagundes, gerente de Recrutamento e Sele\u00e7\u00e3o da Bracell, destaca que o interesse dos rec\u00e9m-formados em integrar a companhia tem crescido significativamente. Entre 2022 e 2023, o n\u00famero de inscritos mais que dobrou, passando de 8 mil para 17 mil. Segundo ela, esse aumento reflete a reputa\u00e7\u00e3o da empresa como l\u00edder em pr\u00e1ticas sustent\u00e1veis e seu compromisso com o desenvolvimento profissional dos colaboradores. \u201cOs jovens profissionais buscam empresas que ofere\u00e7am oportunidades de carreira alinhadas aos seus valores e preocupa\u00e7\u00f5es ambientais\u201d afirma.<\/p>\n<p>Al\u00e9m disso, o programa proporciona uma experi\u00eancia abrangente e imersiva, permitindo que os participantes atuem em diversas frentes da companhia. Desde atividades administrativas em escrit\u00f3rios at\u00e9 opera\u00e7\u00f5es log\u00edsticas, industriais e florestais no campo, os candidatos t\u00eam a oportunidade de obter uma vis\u00e3o 360\u00b0 de todas as opera\u00e7\u00f5es da empresa. \u201cEssa abordagem multifacetada n\u00e3o s\u00f3 enriquece o aprendizado, mas tamb\u00e9m prepara os novos talentos para enfrentar os desafios din\u00e2micos do setor\u201d, ressalta Marcela.<\/p>\n<h2><strong>Jornada de crescimento<\/strong><\/h2>\n<p>Uma vez integrados ao quadro de colaboradores das empresas, as oportunidades de crescimento s\u00e3o constantes.\u00a0 Um exemplo disso \u00e9 a trajet\u00f3ria da profissional Mylena Barros. Natural de Juiz de Fora, Minas Gerais, Mylena agora tem ra\u00edzes sul-mato-grossenses com o Programa de Trainee. Formada em Administra\u00e7\u00e3o, hoje atua como trainee no departamento de Recursos Humanos da MS Florestal. &#8220;A partir do programa de trainee pude aprender na pr\u00e1tica alguns processos de recursos humanos que at\u00e9 ent\u00e3o s\u00f3 havia aprendido em teoria na faculdade. Nesses 10 meses no programa, tive diversas oportunidades que possibilitaram expandir meus conhecimentos sobre minha \u00e1rea de atua\u00e7\u00e3o, al\u00e9m de descobrir sobre o ramo de opera\u00e7\u00f5es florestais e celulose, t\u00e3o valioso para o futuro da regi\u00e3o do Mato Grosso do Sul&#8221;, expressa.<br \/>\nTha\u00eds Randazzo, ex-trainee e atual coordenadora de Melhoria Cont\u00ednua Florestal na Bracell, tamb\u00e9m ressalta o impacto positivo do programa em sua trajet\u00f3ria profissional. \u201cEu aprendi muito, tanto no aspecto t\u00e9cnico quanto no desenvolvimento pessoal. \u00c0 medida que a empresa crescia, tivemos que revisar nossos processos e responsabilidades, adaptando-nos a um ambiente din\u00e2mico e cheio de mudan\u00e7as. Esse processo de adapta\u00e7\u00e3o me ajudou a desenvolver resili\u00eancia e intelig\u00eancia emocional para enfrentar diversos desafios\u201d, diz.<\/p>\n<p>Essa transforma\u00e7\u00e3o \u00e9 resultado da estrutura do programa que oferece orienta\u00e7\u00e3o cont\u00ednua das lideran\u00e7as e a oportunidade de se envolver em projetos variados dentro da empresa. Cada trainee tem um plano personalizado para desenvolver suas compet\u00eancias, preparando-os para futuras posi\u00e7\u00f5es estrat\u00e9gicas na companhia. O processo seletivo para o Programa de Trainee \u00e9 totalmente online e inclui diferentes etapas, como teste de aptid\u00e3o, teste de ingl\u00eas, din\u00e2mica de grupo, painel final virtual, entrevista individual e, finalmente, a contrata\u00e7\u00e3o. Os candidatos aprovados ser\u00e3o notificados na primeira quinzena de dezembro, com in\u00edcio das atividades previsto para o come\u00e7o de fevereiro de 2025.<\/p>\n","protected":false},"excerpt":{"rendered":"<p>O Programa de Trainee 2025 da Bracell e MS Florestal &#8211; empresas do grupo RGE (Royal Golden Eagle) no Brasil \u2013 est\u00e1 com a \u00faltima semana de inscri\u00e7\u00f5es abertas. A Bracell \u00e9 l\u00edder global na produ\u00e7\u00e3o de celulose sol\u00favel e especial e, desde 2023, atua tamb\u00e9m no segmento brasileiro de pap\u00e9is tissue com a Bracell [&hellip;]<\/p>\n","protected":false},"author":3,"featured_media":30122,"comment_status":"open","ping_status":"open","sticky":false,"template":"","format":"standard","meta":{"om_disable_all_campaigns":false,"_monsterinsights_skip_tracking":false,"_monsterinsights_sitenote_active":false,"_monsterinsights_sitenote_note":"","_monsterinsights_sitenote_category":0,"footnotes":""},"categories":[189,191,31,33,318],"tags":[],"aioseo_notices":[],"_links":{"self":[{"href":"https:\/\/expressaoms.com.br\/index.php\/wp-json\/wp\/v2\/posts\/30121"}],"collection":[{"href":"https:\/\/expressaoms.com.br\/index.php\/wp-json\/wp\/v2\/posts"}],"about":[{"href":"https:\/\/expressaoms.com.br\/index.php\/wp-json\/wp\/v2\/types\/post"}],"author":[{"embeddable":true,"href":"https:\/\/expressaoms.com.br\/index.php\/wp-json\/wp\/v2\/users\/3"}],"replies":[{"embeddable":true,"href":"https:\/\/expressaoms.com.br\/index.php\/wp-json\/wp\/v2\/comments?post=30121"}],"version-history":[{"count":1,"href":"https:\/\/expressaoms.com.br\/index.php\/wp-json\/wp\/v2\/posts\/30121\/revisions"}],"predecessor-version":[{"id":30123,"href":"https:\/\/expressaoms.com.br\/index.php\/wp-json\/wp\/v2\/posts\/30121\/revisions\/30123"}],"wp:featuredmedia":[{"embeddable":true,"href":"https:\/\/expressaoms.com.br\/index.php\/wp-json\/wp\/v2\/media\/30122"}],"wp:attachment":[{"href":"https:\/\/expressaoms.com.br\/index.php\/wp-json\/wp\/v2\/media?parent=30121"}],"wp:term":[{"taxonomy":"category","embeddable":true,"href":"https:\/\/expressaoms.com.br\/index.php\/wp-json\/wp\/v2\/categories?post=30121"},{"taxonomy":"post_tag","embeddable":true,"href":"https:\/\/expressaoms.com.br\/index.php\/wp-json\/wp\/v2\/tags?post=30121"}],"curies":[{"name":"wp","href":"https:\/\/api.w.org\/{rel}","templated":true}]}}