{"id":30130,"date":"2024-10-21T14:26:17","date_gmt":"2024-10-21T18:26:17","guid":{"rendered":"https:\/\/expressaoms.com.br\/?p=30130"},"modified":"2024-10-21T14:30:53","modified_gmt":"2024-10-21T18:30:53","slug":"galeria-de-fotos-prefeitura-inaugura-praca-do-nova-americana-com-muita-diversao","status":"publish","type":"post","link":"https:\/\/expressaoms.com.br\/index.php\/2024\/10\/21\/galeria-de-fotos-prefeitura-inaugura-praca-do-nova-americana-com-muita-diversao\/","title":{"rendered":"Prefeitura inaugura pra\u00e7a do Nova Americana com muita divers\u00e3o"},"content":{"rendered":"<p data-raofz=\"16\">Neste \u00faltimo s\u00e1bado, 19 de outubro, o Bairro Nova Americana comemorou a inaugura\u00e7\u00e3o da nova pra\u00e7a. O evento, realizado \u00e0s 17h, reuniu moradores de todas as idades em um ambiente repleto de m\u00fasica e divers\u00e3o.<\/p>\n<p data-raofz=\"16\">Com um investimento de aproximadamente R$ 2 milh\u00f5es, a nova pra\u00e7a \u00e9 um verdadeiro marco para a regi\u00e3o, oferecendo uma \u00e1rea de 14.978,14 m\u00b2 repleta de op\u00e7\u00f5es de lazer. Os moradores agora podem aproveitar espa\u00e7os como quadra poliesportiva, quadra de areia, campo de futebol society, playground, academia ao ar livre e muito mais. Esses ambientes foram cuidadosamente planejados para promover a sa\u00fade, o bem-estar e a conviv\u00eancia social.<\/p>\n<p data-raofz=\"16\">A festa de inaugura\u00e7\u00e3o foi animada pelo projeto \u201cVida na Pra\u00e7a\u201d, promovido pelas secretarias de Educa\u00e7\u00e3o e Cultura (SEMEC), Juventude, Esporte e Lazer (SEJUVEL), e Desenvolvimento Econ\u00f4mico, Ci\u00eancia e Tecnologia (SEDECT). A dupla Tom e Thiago e o grupo Dimens\u00e3o 3 garantiram a anima\u00e7\u00e3o do p\u00fablico, trazendo alegria e m\u00fasica para todos.<\/p>\n","protected":false},"excerpt":{"rendered":"<p>Neste \u00faltimo s\u00e1bado, 19 de outubro, o Bairro Nova Americana comemorou a inaugura\u00e7\u00e3o da nova pra\u00e7a. O evento, realizado \u00e0s 17h, reuniu moradores de todas as idades em um ambiente repleto de m\u00fasica e divers\u00e3o. Com um investimento de aproximadamente R$ 2 milh\u00f5es, a nova pra\u00e7a \u00e9 um verdadeiro marco para a regi\u00e3o, oferecendo uma [&hellip;]<\/p>\n","protected":false},"author":2,"featured_media":30131,"comment_status":"open","ping_status":"open","sticky":false,"template":"","format":"standard","meta":{"om_disable_all_campaigns":false,"_monsterinsights_skip_tracking":false,"_monsterinsights_sitenote_active":false,"_monsterinsights_sitenote_note":"","_monsterinsights_sitenote_category":0,"footnotes":""},"categories":[36,48],"tags":[],"aioseo_notices":[],"_links":{"self":[{"href":"https:\/\/expressaoms.com.br\/index.php\/wp-json\/wp\/v2\/posts\/30130"}],"collection":[{"href":"https:\/\/expressaoms.com.br\/index.php\/wp-json\/wp\/v2\/posts"}],"about":[{"href":"https:\/\/expressaoms.com.br\/index.php\/wp-json\/wp\/v2\/types\/post"}],"author":[{"embeddable":true,"href":"https:\/\/expressaoms.com.br\/index.php\/wp-json\/wp\/v2\/users\/2"}],"replies":[{"embeddable":true,"href":"https:\/\/expressaoms.com.br\/index.php\/wp-json\/wp\/v2\/comments?post=30130"}],"version-history":[{"count":2,"href":"https:\/\/expressaoms.com.br\/index.php\/wp-json\/wp\/v2\/posts\/30130\/revisions"}],"predecessor-version":[{"id":30139,"href":"https:\/\/expressaoms.com.br\/index.php\/wp-json\/wp\/v2\/posts\/30130\/revisions\/30139"}],"wp:featuredmedia":[{"embeddable":true,"href":"https:\/\/expressaoms.com.br\/index.php\/wp-json\/wp\/v2\/media\/30131"}],"wp:attachment":[{"href":"https:\/\/expressaoms.com.br\/index.php\/wp-json\/wp\/v2\/media?parent=30130"}],"wp:term":[{"taxonomy":"category","embeddable":true,"href":"https:\/\/expressaoms.com.br\/index.php\/wp-json\/wp\/v2\/categories?post=30130"},{"taxonomy":"post_tag","embeddable":true,"href":"https:\/\/expressaoms.com.br\/index.php\/wp-json\/wp\/v2\/tags?post=30130"}],"curies":[{"name":"wp","href":"https:\/\/api.w.org\/{rel}","templated":true}]}}