{"id":30179,"date":"2024-10-23T08:59:12","date_gmt":"2024-10-23T12:59:12","guid":{"rendered":"https:\/\/expressaoms.com.br\/?p=30179"},"modified":"2024-10-23T08:59:12","modified_gmt":"2024-10-23T12:59:12","slug":"sms-promoveu-ginastica-e-multi-rosa-com-idosos-em-alusao-ao-mes-de-prevencao-ao-cancer-de-mama","status":"publish","type":"post","link":"https:\/\/expressaoms.com.br\/index.php\/2024\/10\/23\/sms-promoveu-ginastica-e-multi-rosa-com-idosos-em-alusao-ao-mes-de-prevencao-ao-cancer-de-mama\/","title":{"rendered":"SMS promoveu \u201cGin\u00e1stica e-multi Rosa\u201d com idosos em alus\u00e3o ao m\u00eas de preven\u00e7\u00e3o ao c\u00e2ncer de mama"},"content":{"rendered":"<p data-raofz=\"16\">Na manh\u00e3 desta ter\u00e7a-feira, dia 22 de outubro, a Prefeitura de Tr\u00eas Lagoas, por meio do Programa Equipe Multiprofissional \u2013 e-Multi, da Secretaria Municipal de Sa\u00fade (SMS), realizou a a\u00e7\u00e3o \u201cGin\u00e1stica e-multi Rosa\u201d. O evento aconteceu no Centro Comunit\u00e1rio do Paranapung\u00e1 e contou com a participa\u00e7\u00e3o de mais de 60 idosos atendidos pela Unidade de Sa\u00fade da Fam\u00edlia do bairro.<\/p>\n<p data-raofz=\"16\">Na ocasi\u00e3o foi promovido pr\u00e1tica de atividades f\u00edsicas visando refor\u00e7ar a import\u00e2ncia do autocuidado e do acompanhamento m\u00e9dico regular, houve tamb\u00e9m caf\u00e9 da manh\u00e3 compartilhado entre os participantes<\/p>\n<p data-raofz=\"16\">A \u201cGin\u00e1stica e-multi Rosa\u201d faz parte das a\u00e7\u00f5es em apoio ao \u201cOutubro Rosa\u201d, campanha que dedica o m\u00eas de outubro \u00e0 conscientiza\u00e7\u00e3o sobre a sa\u00fade da mulher, especialmente na preven\u00e7\u00e3o e diagn\u00f3stico precoce do c\u00e2ncer de mama.<\/p>\n<p data-raofz=\"16\"><strong>O PROGRAMA<\/strong><\/p>\n<p data-raofz=\"16\">O e-Multi \u00e9 composto por uma equipe multiprofissional de 18 servidores, incluindo psic\u00f3logos, fisioterapeutas, nutricionistas, educadores f\u00edsicos, fonoaudi\u00f3loga e assistentes sociais. Atualmente, a equipe atende dez Unidades de Sa\u00fade da Fam\u00edlia (USFs) e est\u00e1 organizada em dois grupos. A equipe Ampliada I atua nas USFs \u2013 Santa Rita, Miguel Nunes, Santa Luzia, Santo Andr\u00e9 e Interlagos, enquanto a equipe Ampliada II, nas USFs \u2013 Paranapung\u00e1, Vila Haro, Atenas, Maristela e Ch\u00e1cara Eldorado.<\/p>\n<p data-raofz=\"16\">Podem participar do Projeto, todos os pacientes das USFs mencionadas acima, os interessados devem procurar a Unidade de refer\u00eancia do seu endere\u00e7o. Para mais informa\u00e7\u00f5es atrav\u00e9s do telefone (67) 99208-1569, e-mail emulti@treslagoas.ms.gov.br\u00a0 e p\u00e1gina no Instagram @emultitreslagoas.<\/p>\n","protected":false},"excerpt":{"rendered":"<p>Na manh\u00e3 desta ter\u00e7a-feira, dia 22 de outubro, a Prefeitura de Tr\u00eas Lagoas, por meio do Programa Equipe Multiprofissional \u2013 e-Multi, da Secretaria Municipal de Sa\u00fade (SMS), realizou a a\u00e7\u00e3o \u201cGin\u00e1stica e-multi Rosa\u201d. O evento aconteceu no Centro Comunit\u00e1rio do Paranapung\u00e1 e contou com a participa\u00e7\u00e3o de mais de 60 idosos atendidos pela Unidade de [&hellip;]<\/p>\n","protected":false},"author":2,"featured_media":30180,"comment_status":"open","ping_status":"open","sticky":false,"template":"","format":"standard","meta":{"om_disable_all_campaigns":false,"_monsterinsights_skip_tracking":false,"_monsterinsights_sitenote_active":false,"_monsterinsights_sitenote_note":"","_monsterinsights_sitenote_category":0,"footnotes":""},"categories":[36,44,48],"tags":[],"aioseo_notices":[],"_links":{"self":[{"href":"https:\/\/expressaoms.com.br\/index.php\/wp-json\/wp\/v2\/posts\/30179"}],"collection":[{"href":"https:\/\/expressaoms.com.br\/index.php\/wp-json\/wp\/v2\/posts"}],"about":[{"href":"https:\/\/expressaoms.com.br\/index.php\/wp-json\/wp\/v2\/types\/post"}],"author":[{"embeddable":true,"href":"https:\/\/expressaoms.com.br\/index.php\/wp-json\/wp\/v2\/users\/2"}],"replies":[{"embeddable":true,"href":"https:\/\/expressaoms.com.br\/index.php\/wp-json\/wp\/v2\/comments?post=30179"}],"version-history":[{"count":1,"href":"https:\/\/expressaoms.com.br\/index.php\/wp-json\/wp\/v2\/posts\/30179\/revisions"}],"predecessor-version":[{"id":30181,"href":"https:\/\/expressaoms.com.br\/index.php\/wp-json\/wp\/v2\/posts\/30179\/revisions\/30181"}],"wp:featuredmedia":[{"embeddable":true,"href":"https:\/\/expressaoms.com.br\/index.php\/wp-json\/wp\/v2\/media\/30180"}],"wp:attachment":[{"href":"https:\/\/expressaoms.com.br\/index.php\/wp-json\/wp\/v2\/media?parent=30179"}],"wp:term":[{"taxonomy":"category","embeddable":true,"href":"https:\/\/expressaoms.com.br\/index.php\/wp-json\/wp\/v2\/categories?post=30179"},{"taxonomy":"post_tag","embeddable":true,"href":"https:\/\/expressaoms.com.br\/index.php\/wp-json\/wp\/v2\/tags?post=30179"}],"curies":[{"name":"wp","href":"https:\/\/api.w.org\/{rel}","templated":true}]}}