{"id":30247,"date":"2024-10-25T07:52:23","date_gmt":"2024-10-25T11:52:23","guid":{"rendered":"https:\/\/expressaoms.com.br\/?p=30247"},"modified":"2024-10-25T07:52:23","modified_gmt":"2024-10-25T11:52:23","slug":"procon-tl-realiza-pesquisa-sobre-precos-de-flores-e-velas-para-o-dia-de-finados","status":"publish","type":"post","link":"https:\/\/expressaoms.com.br\/index.php\/2024\/10\/25\/procon-tl-realiza-pesquisa-sobre-precos-de-flores-e-velas-para-o-dia-de-finados\/","title":{"rendered":"PROCON-TL realiza pesquisa sobre pre\u00e7os de flores e velas para o Dia de Finados"},"content":{"rendered":"<p data-raofz=\"16\">Com o Dia de Finados se aproximando, celebrado em 2 de novembro, muitas pessoas costumam prestar homenagens a seus entes falecidos. Para ajudar os consumidores a economizar, o Programa de Defesa do Consumidor (PROCON-TL) realizou uma pesquisa de pre\u00e7os de flores e velas, itens mais procurados nesta \u00e9poca.<\/p>\n<p data-raofz=\"16\">A pesquisa foi realizada entre os dias 18 e 23 de outubro, em nove locais, incluindo supermercados, lojas de artigos religiosos e floriculturas.<\/p>\n<p data-raofz=\"16\">Para quem deseja homenagear com flores, os pre\u00e7os variam de R$6 a R$399, dependendo do tipo escolhido. As coroas de flores apresentam valores que v\u00e3o de R$250 a R$450, conforme o tamanho do arranjo.<\/p>\n<p data-raofz=\"16\">Os buqu\u00eas t\u00eam pre\u00e7os que variam entre R$90 e R$160. As flores do campo tamb\u00e9m s\u00e3o populares para homenagens, com valores que v\u00e3o de R$40 a R$140, enquanto as flores individuais custam entre R$6 e R$100.<\/p>\n<p data-raofz=\"16\">Em rela\u00e7\u00e3o \u00e0s velas, os pre\u00e7os variam de R$2,79 a R$24,99, dependendo da marca e da quantidade adquirida.<\/p>\n<p data-raofz=\"16\">VEJA ABAIXO A LISTA COMPLETA DA PESQUISA<\/p>\n<div class=\"wp-block-file\" data-wp-interactive=\"core\/file\" data-raofz=\"12\"><a id=\"wp-block-file--media-a9b9e0fe-b54d-4f59-b4d7-88a5c27c9220\" role=\"link\" href=\"https:\/\/www.treslagoas.ms.gov.br\/wp-content\/uploads\/2024\/10\/DIA-DE-FINADOS.pdf\" data-raofz=\"12\">DIA DE FINADOS<\/a><a class=\"wp-block-file__button wp-element-button\" role=\"link\" href=\"https:\/\/www.treslagoas.ms.gov.br\/wp-content\/uploads\/2024\/10\/DIA-DE-FINADOS.pdf\" download=\"\" aria-describedby=\"wp-block-file--media-a9b9e0fe-b54d-4f59-b4d7-88a5c27c9220\" data-raofz=\"12\">Baixar<\/a><\/div>\n","protected":false},"excerpt":{"rendered":"<p>Com o Dia de Finados se aproximando, celebrado em 2 de novembro, muitas pessoas costumam prestar homenagens a seus entes falecidos. Para ajudar os consumidores a economizar, o Programa de Defesa do Consumidor (PROCON-TL) realizou uma pesquisa de pre\u00e7os de flores e velas, itens mais procurados nesta \u00e9poca. A pesquisa foi realizada entre os dias [&hellip;]<\/p>\n","protected":false},"author":2,"featured_media":30248,"comment_status":"open","ping_status":"open","sticky":false,"template":"","format":"standard","meta":{"om_disable_all_campaigns":false,"_monsterinsights_skip_tracking":false,"_monsterinsights_sitenote_active":false,"_monsterinsights_sitenote_note":"","_monsterinsights_sitenote_category":0,"footnotes":""},"categories":[36,48],"tags":[],"aioseo_notices":[],"_links":{"self":[{"href":"https:\/\/expressaoms.com.br\/index.php\/wp-json\/wp\/v2\/posts\/30247"}],"collection":[{"href":"https:\/\/expressaoms.com.br\/index.php\/wp-json\/wp\/v2\/posts"}],"about":[{"href":"https:\/\/expressaoms.com.br\/index.php\/wp-json\/wp\/v2\/types\/post"}],"author":[{"embeddable":true,"href":"https:\/\/expressaoms.com.br\/index.php\/wp-json\/wp\/v2\/users\/2"}],"replies":[{"embeddable":true,"href":"https:\/\/expressaoms.com.br\/index.php\/wp-json\/wp\/v2\/comments?post=30247"}],"version-history":[{"count":1,"href":"https:\/\/expressaoms.com.br\/index.php\/wp-json\/wp\/v2\/posts\/30247\/revisions"}],"predecessor-version":[{"id":30249,"href":"https:\/\/expressaoms.com.br\/index.php\/wp-json\/wp\/v2\/posts\/30247\/revisions\/30249"}],"wp:featuredmedia":[{"embeddable":true,"href":"https:\/\/expressaoms.com.br\/index.php\/wp-json\/wp\/v2\/media\/30248"}],"wp:attachment":[{"href":"https:\/\/expressaoms.com.br\/index.php\/wp-json\/wp\/v2\/media?parent=30247"}],"wp:term":[{"taxonomy":"category","embeddable":true,"href":"https:\/\/expressaoms.com.br\/index.php\/wp-json\/wp\/v2\/categories?post=30247"},{"taxonomy":"post_tag","embeddable":true,"href":"https:\/\/expressaoms.com.br\/index.php\/wp-json\/wp\/v2\/tags?post=30247"}],"curies":[{"name":"wp","href":"https:\/\/api.w.org\/{rel}","templated":true}]}}