{"id":3032,"date":"2021-12-16T10:31:00","date_gmt":"2021-12-16T13:31:00","guid":{"rendered":"https:\/\/expressaoms.com.br\/?p=3032"},"modified":"2021-12-16T10:31:00","modified_gmt":"2021-12-16T13:31:00","slug":"vereadores-aprovam-lei-que-viabiliza-novo-concurso-publico-municipal","status":"publish","type":"post","link":"https:\/\/expressaoms.com.br\/index.php\/2021\/12\/16\/vereadores-aprovam-lei-que-viabiliza-novo-concurso-publico-municipal\/","title":{"rendered":"Vereadores aprovam lei que viabiliza novo concurso p\u00fablico municipal"},"content":{"rendered":"<p>Em sess\u00e3o extraordin\u00e1ria, realizada na tarde desta quarta-feira (15), a C\u00e2mara Municipal de Tr\u00eas Lagoas aprovou o PL 143, de autoria do Executivo, o qual promove corre\u00e7\u00f5es pontuais em v\u00e1rias legisla\u00e7\u00f5es, de modo a viabilizar a realiza\u00e7\u00e3o de concurso p\u00fablico municipal de provas e t\u00edtulos.<\/p>\n<p>Em sua comunica\u00e7\u00e3o para a C\u00e2mara, o prefeito \u00c2ngelo Guerreiro destacou que o \u00faltimo concurso geral, para o provimento de cargos para todas as secretarias, foi realizado em 2014. \u201cEm contrapartida, nestes sete anos, houve crescente demanda de servi\u00e7os \u00e0 popula\u00e7\u00e3o, principalmente nas \u00e1reas da sa\u00fade, assist\u00eancia social, educa\u00e7\u00e3o e infraestrutura, raz\u00e3o pela qual se mostra necess\u00e1ria a sele\u00e7\u00e3o de novos servidores para ocuparem os cargos junto ao Quadro Funcional da Prefeitura Municipal de Tr\u00eas Lagoas\u201d, afirma no documento.<\/p>\n<p>O projeto tramitou em regime de urg\u00eancia especial e teve voto favor\u00e1vel de todos os vereadores presentes.<\/p>\n<p>Na pr\u00f3xima segunda-feira (20), os vereadores voltam a se reunir, em sess\u00e3o ordin\u00e1ria, para limpar a pauta de 2021, \u00e0s 8h. Na sequ\u00eancia, realizam outra sess\u00e3o extraordin\u00e1ria para a vota\u00e7\u00e3o, em segundo turno, do Plano Plurianual (PPA).<\/p>\n","protected":false},"excerpt":{"rendered":"<p>Em sess\u00e3o extraordin\u00e1ria, realizada na tarde desta quarta-feira (15), a C\u00e2mara Municipal de Tr\u00eas Lagoas aprovou o PL 143, de autoria do Executivo, o qual promove corre\u00e7\u00f5es pontuais em v\u00e1rias legisla\u00e7\u00f5es, de modo a viabilizar a realiza\u00e7\u00e3o de concurso p\u00fablico municipal de provas e t\u00edtulos. Em sua comunica\u00e7\u00e3o para a C\u00e2mara, o prefeito \u00c2ngelo Guerreiro [&hellip;]<\/p>\n","protected":false},"author":3,"featured_media":3033,"comment_status":"open","ping_status":"open","sticky":false,"template":"","format":"standard","meta":{"om_disable_all_campaigns":false,"_monsterinsights_skip_tracking":false,"_monsterinsights_sitenote_active":false,"_monsterinsights_sitenote_note":"","_monsterinsights_sitenote_category":0,"footnotes":""},"categories":[30,42,48],"tags":[],"aioseo_notices":[],"_links":{"self":[{"href":"https:\/\/expressaoms.com.br\/index.php\/wp-json\/wp\/v2\/posts\/3032"}],"collection":[{"href":"https:\/\/expressaoms.com.br\/index.php\/wp-json\/wp\/v2\/posts"}],"about":[{"href":"https:\/\/expressaoms.com.br\/index.php\/wp-json\/wp\/v2\/types\/post"}],"author":[{"embeddable":true,"href":"https:\/\/expressaoms.com.br\/index.php\/wp-json\/wp\/v2\/users\/3"}],"replies":[{"embeddable":true,"href":"https:\/\/expressaoms.com.br\/index.php\/wp-json\/wp\/v2\/comments?post=3032"}],"version-history":[{"count":1,"href":"https:\/\/expressaoms.com.br\/index.php\/wp-json\/wp\/v2\/posts\/3032\/revisions"}],"predecessor-version":[{"id":3034,"href":"https:\/\/expressaoms.com.br\/index.php\/wp-json\/wp\/v2\/posts\/3032\/revisions\/3034"}],"wp:featuredmedia":[{"embeddable":true,"href":"https:\/\/expressaoms.com.br\/index.php\/wp-json\/wp\/v2\/media\/3033"}],"wp:attachment":[{"href":"https:\/\/expressaoms.com.br\/index.php\/wp-json\/wp\/v2\/media?parent=3032"}],"wp:term":[{"taxonomy":"category","embeddable":true,"href":"https:\/\/expressaoms.com.br\/index.php\/wp-json\/wp\/v2\/categories?post=3032"},{"taxonomy":"post_tag","embeddable":true,"href":"https:\/\/expressaoms.com.br\/index.php\/wp-json\/wp\/v2\/tags?post=3032"}],"curies":[{"name":"wp","href":"https:\/\/api.w.org\/{rel}","templated":true}]}}