{"id":30378,"date":"2024-11-01T08:31:14","date_gmt":"2024-11-01T12:31:14","guid":{"rendered":"https:\/\/expressaoms.com.br\/?p=30378"},"modified":"2024-11-01T08:31:48","modified_gmt":"2024-11-01T12:31:48","slug":"fim-de-semana-tera-tempo-instavel-e-previsao-de-chuva-em-mato-grosso-do-sul","status":"publish","type":"post","link":"https:\/\/expressaoms.com.br\/index.php\/2024\/11\/01\/fim-de-semana-tera-tempo-instavel-e-previsao-de-chuva-em-mato-grosso-do-sul\/","title":{"rendered":"Fim de semana ter\u00e1 tempo inst\u00e1vel e previs\u00e3o de chuva em Mato Grosso do Sul"},"content":{"rendered":"<p>A previs\u00e3o para este fim de semana \u00e9 de tempo inst\u00e1vel no Estado, com chuvas intensas em diferentes regi\u00f5es. N\u00e3o est\u00e3o descartadas tempestades acompanhadas de raios, rajadas de vento e at\u00e9 queda de granizo. S\u00e3o esperados acumulados significativos de (chuva) com valores acima de 30 mm em 24 horas.<\/p>\n<p>Segundo o Cemtec (Centro de Monitoramento do Tempo e do Clima de MS), essa situa\u00e7\u00e3o meteorol\u00f3gica ocorre devido ao deslocamento de cavados, aliado ao intenso transporte de calor e umidade. A forma\u00e7\u00e3o de \u00e1reas de baixa press\u00e3o atmosf\u00e9rica deve favorecer esta instabilidade em todo Estado.<\/p>\n<p>Para as regi\u00f5es sul, leste e sudeste as m\u00ednimas ficam entre 21-23\u00b0C e as m\u00e1ximas chegam a 28-34\u00b0C. J\u00e1 no sudoeste e Pantanal variam entre 24-27\u00b0C e 29-35\u00b0C. No Bols\u00e3o e norte ficam entre 21\u00b0C (m\u00ednima) e 35\u00b0C (m\u00e1xima). Na Capital a m\u00ednima ser\u00e1 de 21\u00b0C e m\u00e1xima de 32\u00b0C. Os ventos ficam entre 40-60 km\/h e, pontualmente podem ser rajadas mais acentuadas.<\/p>\n<div id=\"gallery-1\" class=\"gallery galleryid-494829 gallery-columns-3 gallery-size-large\">\n<figure class=\"gallery-item\">\n<div class=\"gallery-icon landscape\"><a href=\"https:\/\/agenciadenoticias.ms.gov.br\/fim-de-semana-tera-tempo-instavel-e-previsao-de-chuva-no-mato-grosso-do-sul\/attachment\/0111\/\"><img fetchpriority=\"high\" decoding=\"async\" class=\"attachment-large size-large\" src=\"https:\/\/agenciadenoticias.ms.gov.br\/wp-content\/uploads\/2024\/10\/0111.jpg\" sizes=\"(max-width: 565px) 100vw, 565px\" srcset=\"https:\/\/agenciadenoticias.ms.gov.br\/wp-content\/uploads\/2024\/10\/0111.jpg 565w, https:\/\/agenciadenoticias.ms.gov.br\/wp-content\/uploads\/2024\/10\/0111-300x213.jpg 300w, https:\/\/agenciadenoticias.ms.gov.br\/wp-content\/uploads\/2024\/10\/0111-337x240.jpg 337w\" alt=\"\" width=\"565\" height=\"402\" \/><\/a><\/div>\n<\/figure>\n<figure class=\"gallery-item\">\n<div class=\"gallery-icon landscape\"><a href=\"https:\/\/agenciadenoticias.ms.gov.br\/fim-de-semana-tera-tempo-instavel-e-previsao-de-chuva-no-mato-grosso-do-sul\/attachment\/0211\/\"><img decoding=\"async\" class=\"attachment-large size-large\" src=\"https:\/\/agenciadenoticias.ms.gov.br\/wp-content\/uploads\/2024\/10\/0211.jpg\" sizes=\"(max-width: 566px) 100vw, 566px\" srcset=\"https:\/\/agenciadenoticias.ms.gov.br\/wp-content\/uploads\/2024\/10\/0211.jpg 566w, https:\/\/agenciadenoticias.ms.gov.br\/wp-content\/uploads\/2024\/10\/0211-300x216.jpg 300w, https:\/\/agenciadenoticias.ms.gov.br\/wp-content\/uploads\/2024\/10\/0211-333x240.jpg 333w\" alt=\"\" width=\"566\" height=\"408\" \/><\/a><\/div>\n<\/figure>\n<figure class=\"gallery-item\">\n<div class=\"gallery-icon landscape\"><a href=\"https:\/\/agenciadenoticias.ms.gov.br\/fim-de-semana-tera-tempo-instavel-e-previsao-de-chuva-no-mato-grosso-do-sul\/attachment\/0311\/\"><img decoding=\"async\" class=\"attachment-large size-large\" src=\"https:\/\/agenciadenoticias.ms.gov.br\/wp-content\/uploads\/2024\/10\/0311.jpg\" sizes=\"(max-width: 569px) 100vw, 569px\" srcset=\"https:\/\/agenciadenoticias.ms.gov.br\/wp-content\/uploads\/2024\/10\/0311.jpg 569w, https:\/\/agenciadenoticias.ms.gov.br\/wp-content\/uploads\/2024\/10\/0311-300x213.jpg 300w, https:\/\/agenciadenoticias.ms.gov.br\/wp-content\/uploads\/2024\/10\/0311-338x240.jpg 338w\" alt=\"\" width=\"569\" height=\"404\" \/><\/a><\/div>\n<\/figure>\n<\/div>\n","protected":false},"excerpt":{"rendered":"<p>A previs\u00e3o para este fim de semana \u00e9 de tempo inst\u00e1vel no Estado, com chuvas intensas em diferentes regi\u00f5es. N\u00e3o est\u00e3o descartadas tempestades acompanhadas de raios, rajadas de vento e at\u00e9 queda de granizo. S\u00e3o esperados acumulados significativos de (chuva) com valores acima de 30 mm em 24 horas. Segundo o Cemtec (Centro de Monitoramento [&hellip;]<\/p>\n","protected":false},"author":2,"featured_media":30381,"comment_status":"open","ping_status":"open","sticky":false,"template":"","format":"standard","meta":{"om_disable_all_campaigns":false,"_monsterinsights_skip_tracking":false,"_monsterinsights_sitenote_active":false,"_monsterinsights_sitenote_note":"","_monsterinsights_sitenote_category":0,"footnotes":""},"categories":[36,266,47],"tags":[],"aioseo_notices":[],"_links":{"self":[{"href":"https:\/\/expressaoms.com.br\/index.php\/wp-json\/wp\/v2\/posts\/30378"}],"collection":[{"href":"https:\/\/expressaoms.com.br\/index.php\/wp-json\/wp\/v2\/posts"}],"about":[{"href":"https:\/\/expressaoms.com.br\/index.php\/wp-json\/wp\/v2\/types\/post"}],"author":[{"embeddable":true,"href":"https:\/\/expressaoms.com.br\/index.php\/wp-json\/wp\/v2\/users\/2"}],"replies":[{"embeddable":true,"href":"https:\/\/expressaoms.com.br\/index.php\/wp-json\/wp\/v2\/comments?post=30378"}],"version-history":[{"count":1,"href":"https:\/\/expressaoms.com.br\/index.php\/wp-json\/wp\/v2\/posts\/30378\/revisions"}],"predecessor-version":[{"id":30380,"href":"https:\/\/expressaoms.com.br\/index.php\/wp-json\/wp\/v2\/posts\/30378\/revisions\/30380"}],"wp:featuredmedia":[{"embeddable":true,"href":"https:\/\/expressaoms.com.br\/index.php\/wp-json\/wp\/v2\/media\/30381"}],"wp:attachment":[{"href":"https:\/\/expressaoms.com.br\/index.php\/wp-json\/wp\/v2\/media?parent=30378"}],"wp:term":[{"taxonomy":"category","embeddable":true,"href":"https:\/\/expressaoms.com.br\/index.php\/wp-json\/wp\/v2\/categories?post=30378"},{"taxonomy":"post_tag","embeddable":true,"href":"https:\/\/expressaoms.com.br\/index.php\/wp-json\/wp\/v2\/tags?post=30378"}],"curies":[{"name":"wp","href":"https:\/\/api.w.org\/{rel}","templated":true}]}}