{"id":30382,"date":"2024-11-01T08:32:48","date_gmt":"2024-11-01T12:32:48","guid":{"rendered":"https:\/\/expressaoms.com.br\/?p=30382"},"modified":"2024-11-01T08:32:48","modified_gmt":"2024-11-01T12:32:48","slug":"empreendedorismo-em-foco-uniao-entre-governo-e-iniciativa-privada-impulsiona-crescimento-de-ms","status":"publish","type":"post","link":"https:\/\/expressaoms.com.br\/index.php\/2024\/11\/01\/empreendedorismo-em-foco-uniao-entre-governo-e-iniciativa-privada-impulsiona-crescimento-de-ms\/","title":{"rendered":"Empreendedorismo em foco: uni\u00e3o entre governo e iniciativa privada impulsiona crescimento de MS"},"content":{"rendered":"<p><em>Solenidade na Alems homenageia personalidades e refor\u00e7a a trajet\u00f3ria de crescimento econ\u00f4mico e social do Estado<\/em><\/p>\n<p>Em uma noite de reconhecimento e inspira\u00e7\u00e3o, realizada pela Assembleia Legislativa de Mato Grosso do Sul (Alems), diversas personalidades do setor empresarial receberam a Comenda do M\u00e9rito Legislativo Empreendedor \u201cUeze Elias Zahran\u201d. A homenagem destacou o papel do empreendedorismo unido ao Estado na constru\u00e7\u00e3o de um MS pr\u00f3spero e sustent\u00e1vel.<\/p>\n<p>Presente na cerim\u00f4nia, o vice-governador Jos\u00e9 Carlos Barbosa, o Barbosinha, enfatizou que o Estado tem mantido um ambiente favor\u00e1vel ao crescimento econ\u00f4mico com forte apoio ao setor privado. \u201cEssa parceria entre o Poder P\u00fablico e a iniciativa privada \u00e9 essencial para manter Mato Grosso do Sul na rota do desenvolvimento sustent\u00e1vel e inclusivo, um Estado onde todos possam prosperar\u201d, afirma Barbosinha.<\/p>\n<p>Dados recentes refor\u00e7am o avan\u00e7o do ambiente de neg\u00f3cios no Estado, com mais de 900 novas empresas registradas em setembro, representando um crescimento de 16,5% em rela\u00e7\u00e3o ao ano passado. Esse movimento de expans\u00e3o \u00e9 impulsionado por pol\u00edticas de incentivo que ampliam as oportunidades para empreendedores locais e atraem grandes investimentos, com mais de R$ 33 bilh\u00f5es em recursos privados prospectados apenas em 2024.<\/p>\n<p>Nesse sentido, Dourados e Tr\u00eas Lagoas t\u00eam se destacado como p\u00f3los regionais de crescimento, apoiados por uma infraestrutura estadual que facilita o desenvolvimento de novos neg\u00f3cios, principalmente nos setores de servi\u00e7os e com\u00e9rcio. Esse cen\u00e1rio \u00e9 refor\u00e7ado pela expans\u00e3o do setor industrial, onde Mato Grosso do Sul lidera com o maior crescimento da ind\u00fastria de transforma\u00e7\u00e3o do pa\u00eds, conforme dados da Junta Comercial de Mato Grosso do Sul (Jucems).<\/p>\n<p>Na solenidade, que tamb\u00e9m comemorou o centen\u00e1rio do empres\u00e1rio Ueze Elias Zahran, o deputado Roberto Hashioka, propositor da homenagem, destacou o empreendedorismo como \u201cum motor de transforma\u00e7\u00e3o e progresso\u201d. Segundo Hashioka, cada homenagem representa um compromisso com um futuro pr\u00f3spero para Mato Grosso do Sul, inspirado pelo legado de Ueze Zahran e pelo papel do setor empresarial na constru\u00e7\u00e3o de um Estado moderno e alinhado \u00e0s melhores pr\u00e1ticas de desenvolvimento.<\/p>\n<div id=\"gallery-1\" class=\"gallery galleryid-494853 gallery-columns-2 gallery-size-large\">\n<figure class=\"gallery-item\">\n<div class=\"gallery-icon landscape\"><a href=\"https:\/\/agenciadenoticias.ms.gov.br\/wp-content\/uploads\/2024\/10\/2024_10_30_09_26_16_054a6a30-39b0-4d22-96bd-7f388a6db017.jpg\"><img fetchpriority=\"high\" decoding=\"async\" class=\"attachment-large size-large\" src=\"https:\/\/agenciadenoticias.ms.gov.br\/wp-content\/uploads\/2024\/10\/2024_10_30_09_26_16_054a6a30-39b0-4d22-96bd-7f388a6db017-1024x682.jpg\" sizes=\"(max-width: 1024px) 100vw, 1024px\" srcset=\"https:\/\/agenciadenoticias.ms.gov.br\/wp-content\/uploads\/2024\/10\/2024_10_30_09_26_16_054a6a30-39b0-4d22-96bd-7f388a6db017-1024x682.jpg 1024w, https:\/\/agenciadenoticias.ms.gov.br\/wp-content\/uploads\/2024\/10\/2024_10_30_09_26_16_054a6a30-39b0-4d22-96bd-7f388a6db017-300x200.jpg 300w, https:\/\/agenciadenoticias.ms.gov.br\/wp-content\/uploads\/2024\/10\/2024_10_30_09_26_16_054a6a30-39b0-4d22-96bd-7f388a6db017-768x512.jpg 768w, https:\/\/agenciadenoticias.ms.gov.br\/wp-content\/uploads\/2024\/10\/2024_10_30_09_26_16_054a6a30-39b0-4d22-96bd-7f388a6db017-350x232.jpg 350w, https:\/\/agenciadenoticias.ms.gov.br\/wp-content\/uploads\/2024\/10\/2024_10_30_09_26_16_054a6a30-39b0-4d22-96bd-7f388a6db017.jpg 1181w\" alt=\"\" width=\"1024\" height=\"682\" \/><\/a><\/div>\n<\/figure>\n<figure class=\"gallery-item\">\n<div class=\"gallery-icon landscape\"><a href=\"https:\/\/agenciadenoticias.ms.gov.br\/wp-content\/uploads\/2024\/10\/2024_10_30_09_23_43_5b10245f-ee54-4711-a400-022b13ddd3d7.jpg\"><img decoding=\"async\" class=\"attachment-large size-large\" src=\"https:\/\/agenciadenoticias.ms.gov.br\/wp-content\/uploads\/2024\/10\/2024_10_30_09_23_43_5b10245f-ee54-4711-a400-022b13ddd3d7-1024x682.jpg\" sizes=\"(max-width: 1024px) 100vw, 1024px\" srcset=\"https:\/\/agenciadenoticias.ms.gov.br\/wp-content\/uploads\/2024\/10\/2024_10_30_09_23_43_5b10245f-ee54-4711-a400-022b13ddd3d7-1024x682.jpg 1024w, https:\/\/agenciadenoticias.ms.gov.br\/wp-content\/uploads\/2024\/10\/2024_10_30_09_23_43_5b10245f-ee54-4711-a400-022b13ddd3d7-300x200.jpg 300w, https:\/\/agenciadenoticias.ms.gov.br\/wp-content\/uploads\/2024\/10\/2024_10_30_09_23_43_5b10245f-ee54-4711-a400-022b13ddd3d7-768x512.jpg 768w, https:\/\/agenciadenoticias.ms.gov.br\/wp-content\/uploads\/2024\/10\/2024_10_30_09_23_43_5b10245f-ee54-4711-a400-022b13ddd3d7-350x232.jpg 350w, https:\/\/agenciadenoticias.ms.gov.br\/wp-content\/uploads\/2024\/10\/2024_10_30_09_23_43_5b10245f-ee54-4711-a400-022b13ddd3d7.jpg 1181w\" alt=\"\" width=\"1024\" height=\"682\" \/><\/a><\/div>\n<\/figure>\n<figure class=\"gallery-item\">\n<div class=\"gallery-icon landscape\"><a href=\"https:\/\/agenciadenoticias.ms.gov.br\/wp-content\/uploads\/2024\/10\/2024_10_30_09_26_11_d7c5b7e8-7345-4843-a354-48840979f9ab.jpg\"><img decoding=\"async\" class=\"attachment-large size-large\" src=\"https:\/\/agenciadenoticias.ms.gov.br\/wp-content\/uploads\/2024\/10\/2024_10_30_09_26_11_d7c5b7e8-7345-4843-a354-48840979f9ab-1024x682.jpg\" sizes=\"(max-width: 1024px) 100vw, 1024px\" srcset=\"https:\/\/agenciadenoticias.ms.gov.br\/wp-content\/uploads\/2024\/10\/2024_10_30_09_26_11_d7c5b7e8-7345-4843-a354-48840979f9ab-1024x682.jpg 1024w, https:\/\/agenciadenoticias.ms.gov.br\/wp-content\/uploads\/2024\/10\/2024_10_30_09_26_11_d7c5b7e8-7345-4843-a354-48840979f9ab-300x200.jpg 300w, https:\/\/agenciadenoticias.ms.gov.br\/wp-content\/uploads\/2024\/10\/2024_10_30_09_26_11_d7c5b7e8-7345-4843-a354-48840979f9ab-768x512.jpg 768w, https:\/\/agenciadenoticias.ms.gov.br\/wp-content\/uploads\/2024\/10\/2024_10_30_09_26_11_d7c5b7e8-7345-4843-a354-48840979f9ab-350x232.jpg 350w, https:\/\/agenciadenoticias.ms.gov.br\/wp-content\/uploads\/2024\/10\/2024_10_30_09_26_11_d7c5b7e8-7345-4843-a354-48840979f9ab.jpg 1181w\" alt=\"\" width=\"1024\" height=\"682\" \/><\/a><\/div>\n<\/figure>\n<figure class=\"gallery-item\">\n<div class=\"gallery-icon landscape\"><a href=\"https:\/\/agenciadenoticias.ms.gov.br\/wp-content\/uploads\/2024\/10\/2024_10_30_09_23_51_c8fd7522-ff21-44a1-9858-43caef5d3742.jpg\"><img loading=\"lazy\" decoding=\"async\" class=\"attachment-large size-large\" src=\"https:\/\/agenciadenoticias.ms.gov.br\/wp-content\/uploads\/2024\/10\/2024_10_30_09_23_51_c8fd7522-ff21-44a1-9858-43caef5d3742-1024x682.jpg\" sizes=\"(max-width: 1024px) 100vw, 1024px\" srcset=\"https:\/\/agenciadenoticias.ms.gov.br\/wp-content\/uploads\/2024\/10\/2024_10_30_09_23_51_c8fd7522-ff21-44a1-9858-43caef5d3742-1024x682.jpg 1024w, https:\/\/agenciadenoticias.ms.gov.br\/wp-content\/uploads\/2024\/10\/2024_10_30_09_23_51_c8fd7522-ff21-44a1-9858-43caef5d3742-300x200.jpg 300w, https:\/\/agenciadenoticias.ms.gov.br\/wp-content\/uploads\/2024\/10\/2024_10_30_09_23_51_c8fd7522-ff21-44a1-9858-43caef5d3742-768x512.jpg 768w, https:\/\/agenciadenoticias.ms.gov.br\/wp-content\/uploads\/2024\/10\/2024_10_30_09_23_51_c8fd7522-ff21-44a1-9858-43caef5d3742-350x232.jpg 350w, https:\/\/agenciadenoticias.ms.gov.br\/wp-content\/uploads\/2024\/10\/2024_10_30_09_23_51_c8fd7522-ff21-44a1-9858-43caef5d3742.jpg 1181w\" alt=\"\" width=\"1024\" height=\"682\" \/><\/a><\/div>\n<\/figure>\n<\/div>\n<p>\u201c\u00c9 uma honra reconhecer aqueles que, com vis\u00e3o e determina\u00e7\u00e3o, fazem do empreendedorismo um verdadeiro motor de crescimento para o nosso Estado, algo que pude testemunhar de perto ao longo da minha trajet\u00f3ria como engenheiro, gestor e representante p\u00fablico\u201d, lembra Hashioka.<\/p>\n<p>A homenagem foi tamb\u00e9m um momento para reafirmar o compromisso do governo com o futuro de Mato Grosso do Sul. Conforme pontuou Barbosinha, \u201ccelebrar esses empreendimentos \u00e9 s\u00e9rio, pois o empreendedorismo impulsiona n\u00e3o apenas a economia, mas a qualidade de vida de toda a nossa popula\u00e7\u00e3o\u201d, disse.<\/p>\n<p>A outorga da comenda e os dados positivos sobre o ambiente de neg\u00f3cios refor\u00e7am uma trajet\u00f3ria de crescimento e posicionam Mato Grosso do Sul como um dos estados mais pr\u00f3speros do Brasil, um ambiente prop\u00edcio para empreendedores que avan\u00e7aram para o desenvolvimento sustent\u00e1vel e a inclus\u00e3o social.<\/p>\n<p>\u201cTemos aqui uma das economias mais vibrantes do pa\u00eds, em que o agroneg\u00f3cio, a ind\u00fastria e o com\u00e9rcio avan\u00e7am de forma consistente. Esse crescimento se deve ao trabalho conjunto entre o governo e o setor privado, uma parceria que se alicerce em resultados como o que estamos comemorando hoje\u201d, refor\u00e7a.<\/p>\n<p>A homenagem ao Dia Nacional do Empreendedor \u00e9 um marco para Mato Grosso do Sul, celebrando n\u00e3o apenas o presente, mas projetando o futuro de um Estado cada vez mais pr\u00f3spero, moderno e desenvolvido. \u201cA hist\u00f3ria do Ueze Zahran inspira e nos lembra do papel crucial do setor empresarial no desenvolvimento de Mato Grosso do Sul. Cada homenagem representa uma for\u00e7a transformadora e um compromisso renovado com o crescimento do nosso Estado\u201d, finaliza Barbosinha.<\/p>\n","protected":false},"excerpt":{"rendered":"<p>Solenidade na Alems homenageia personalidades e refor\u00e7a a trajet\u00f3ria de crescimento econ\u00f4mico e social do Estado Em uma noite de reconhecimento e inspira\u00e7\u00e3o, realizada pela Assembleia Legislativa de Mato Grosso do Sul (Alems), diversas personalidades do setor empresarial receberam a Comenda do M\u00e9rito Legislativo Empreendedor \u201cUeze Elias Zahran\u201d. A homenagem destacou o papel do empreendedorismo [&hellip;]<\/p>\n","protected":false},"author":2,"featured_media":30383,"comment_status":"open","ping_status":"open","sticky":false,"template":"","format":"standard","meta":{"om_disable_all_campaigns":false,"_monsterinsights_skip_tracking":false,"_monsterinsights_sitenote_active":false,"_monsterinsights_sitenote_note":"","_monsterinsights_sitenote_category":0,"footnotes":""},"categories":[31,266],"tags":[],"aioseo_notices":[],"_links":{"self":[{"href":"https:\/\/expressaoms.com.br\/index.php\/wp-json\/wp\/v2\/posts\/30382"}],"collection":[{"href":"https:\/\/expressaoms.com.br\/index.php\/wp-json\/wp\/v2\/posts"}],"about":[{"href":"https:\/\/expressaoms.com.br\/index.php\/wp-json\/wp\/v2\/types\/post"}],"author":[{"embeddable":true,"href":"https:\/\/expressaoms.com.br\/index.php\/wp-json\/wp\/v2\/users\/2"}],"replies":[{"embeddable":true,"href":"https:\/\/expressaoms.com.br\/index.php\/wp-json\/wp\/v2\/comments?post=30382"}],"version-history":[{"count":1,"href":"https:\/\/expressaoms.com.br\/index.php\/wp-json\/wp\/v2\/posts\/30382\/revisions"}],"predecessor-version":[{"id":30384,"href":"https:\/\/expressaoms.com.br\/index.php\/wp-json\/wp\/v2\/posts\/30382\/revisions\/30384"}],"wp:featuredmedia":[{"embeddable":true,"href":"https:\/\/expressaoms.com.br\/index.php\/wp-json\/wp\/v2\/media\/30383"}],"wp:attachment":[{"href":"https:\/\/expressaoms.com.br\/index.php\/wp-json\/wp\/v2\/media?parent=30382"}],"wp:term":[{"taxonomy":"category","embeddable":true,"href":"https:\/\/expressaoms.com.br\/index.php\/wp-json\/wp\/v2\/categories?post=30382"},{"taxonomy":"post_tag","embeddable":true,"href":"https:\/\/expressaoms.com.br\/index.php\/wp-json\/wp\/v2\/tags?post=30382"}],"curies":[{"name":"wp","href":"https:\/\/api.w.org\/{rel}","templated":true}]}}