{"id":30398,"date":"2024-11-03T13:31:00","date_gmt":"2024-11-03T17:31:00","guid":{"rendered":"https:\/\/expressaoms.com.br\/?p=30398"},"modified":"2024-11-18T14:23:29","modified_gmt":"2024-11-18T18:23:29","slug":"colegio-de-procuradores-aprova-criacao-de-nova-promotoria-de-justica-em-tres-lagoas","status":"publish","type":"post","link":"https:\/\/expressaoms.com.br\/index.php\/2024\/11\/03\/colegio-de-procuradores-aprova-criacao-de-nova-promotoria-de-justica-em-tres-lagoas\/","title":{"rendered":"Col\u00e9gio de Procuradores aprova cria\u00e7\u00e3o de nova Promotoria de Justi\u00e7a em Tr\u00eas Lagoas"},"content":{"rendered":"<p class=\"u-text--justified\">O Col\u00e9gio de Procuradores do Minist\u00e9rio P\u00fablico de Mato Grosso do Sul aprovou, entre outros expedientes administrativos, a cria\u00e7\u00e3o e instala\u00e7\u00e3o de uma nova Promotoria de Justi\u00e7a na Comarca de Tr\u00eas Lagoas. A vota\u00e7\u00e3o ocorreu nesta quinta-feira (31), durante reuni\u00e3o ordin\u00e1ria do \u00f3rg\u00e3o, realizada na sede da Procuradoria-Geral de Justi\u00e7a, em Campo Grande.<\/p>\n<p class=\"u-text--justified\">A 10\u00aa Promotoria de Justi\u00e7a atuar\u00e1 perante os feitos criminais decorrentes da pr\u00e1tica de viol\u00eancia dom\u00e9stica e familiar contra a mulher e nos crimes contra crian\u00e7as e adolescentes.<\/p>\n<p class=\"u-text--justified\">A medida visa atender \u00e0s demandas dos cidad\u00e3os com maior celeridade e efici\u00eancia, uma vez que, em agosto deste ano, o Tribunal de Justi\u00e7a implantou mais uma unidade judici\u00e1ria na Comarca de Tr\u00eas Lagoas, o que refletiu no incremento das demandas do MPMS.<\/p>\n<p class=\"u-text--justified\">Tamb\u00e9m foi considerado o aumento de casos de viol\u00eancia dom\u00e9stica e contra crian\u00e7as e adolescentes na regi\u00e3o e, ainda, a aus\u00eancia de impacto financeiro.<\/p>\n<p class=\"u-text--justified\">A instala\u00e7\u00e3o, aprovada por unanimidade entre os membros do Col\u00e9gio de Procuradores, atende \u00e0 demanda apresentada pelos Promotores de Justi\u00e7a que atuam no munic\u00edpio.<\/p>\n","protected":false},"excerpt":{"rendered":"<p>O Col\u00e9gio de Procuradores do Minist\u00e9rio P\u00fablico de Mato Grosso do Sul aprovou, entre outros expedientes administrativos, a cria\u00e7\u00e3o e instala\u00e7\u00e3o de uma nova Promotoria de Justi\u00e7a na Comarca de Tr\u00eas Lagoas. A vota\u00e7\u00e3o ocorreu nesta quinta-feira (31), durante reuni\u00e3o ordin\u00e1ria do \u00f3rg\u00e3o, realizada na sede da Procuradoria-Geral de Justi\u00e7a, em Campo Grande. A 10\u00aa [&hellip;]<\/p>\n","protected":false},"author":3,"featured_media":30399,"comment_status":"open","ping_status":"open","sticky":false,"template":"","format":"standard","meta":{"om_disable_all_campaigns":false,"_monsterinsights_skip_tracking":false,"_monsterinsights_sitenote_active":false,"_monsterinsights_sitenote_note":"","_monsterinsights_sitenote_category":0,"footnotes":""},"categories":[37,42,48],"tags":[],"aioseo_notices":[],"_links":{"self":[{"href":"https:\/\/expressaoms.com.br\/index.php\/wp-json\/wp\/v2\/posts\/30398"}],"collection":[{"href":"https:\/\/expressaoms.com.br\/index.php\/wp-json\/wp\/v2\/posts"}],"about":[{"href":"https:\/\/expressaoms.com.br\/index.php\/wp-json\/wp\/v2\/types\/post"}],"author":[{"embeddable":true,"href":"https:\/\/expressaoms.com.br\/index.php\/wp-json\/wp\/v2\/users\/3"}],"replies":[{"embeddable":true,"href":"https:\/\/expressaoms.com.br\/index.php\/wp-json\/wp\/v2\/comments?post=30398"}],"version-history":[{"count":1,"href":"https:\/\/expressaoms.com.br\/index.php\/wp-json\/wp\/v2\/posts\/30398\/revisions"}],"predecessor-version":[{"id":30400,"href":"https:\/\/expressaoms.com.br\/index.php\/wp-json\/wp\/v2\/posts\/30398\/revisions\/30400"}],"wp:featuredmedia":[{"embeddable":true,"href":"https:\/\/expressaoms.com.br\/index.php\/wp-json\/wp\/v2\/media\/30399"}],"wp:attachment":[{"href":"https:\/\/expressaoms.com.br\/index.php\/wp-json\/wp\/v2\/media?parent=30398"}],"wp:term":[{"taxonomy":"category","embeddable":true,"href":"https:\/\/expressaoms.com.br\/index.php\/wp-json\/wp\/v2\/categories?post=30398"},{"taxonomy":"post_tag","embeddable":true,"href":"https:\/\/expressaoms.com.br\/index.php\/wp-json\/wp\/v2\/tags?post=30398"}],"curies":[{"name":"wp","href":"https:\/\/api.w.org\/{rel}","templated":true}]}}