{"id":30403,"date":"2024-11-01T14:11:58","date_gmt":"2024-11-01T18:11:58","guid":{"rendered":"https:\/\/expressaoms.com.br\/?p=30403"},"modified":"2024-11-01T14:11:58","modified_gmt":"2024-11-01T18:11:58","slug":"eleicao-da-mesa-diretora-da-alems-sera-no-dia-13-de-novembro","status":"publish","type":"post","link":"https:\/\/expressaoms.com.br\/index.php\/2024\/11\/01\/eleicao-da-mesa-diretora-da-alems-sera-no-dia-13-de-novembro\/","title":{"rendered":"Elei\u00e7\u00e3o da Mesa Diretora da ALEMS ser\u00e1 no dia 13 de novembro"},"content":{"rendered":"<p>A Assembleia Legislativa de Mato Grosso do Sul (ALEMS) realizar\u00e1 no dia 13 de novembro (quarta-feira) de 2024 a elei\u00e7\u00e3o da Mesa Diretora para o pr\u00f3ximo bi\u00eanio. \u00c9 o que prev\u00ea o Ato 92\/2024 publicado nesta quinta-feira (31) no\u00a0<a href=\"https:\/\/diariooficial.al.ms.gov.br\/DiarioOficial\/DownloadPdf?q=FNhDbPPkKy7uWGvtaFEMVw==\" target=\"_blank\" rel=\"noopener\">Di\u00e1rio Oficial do Parlamento<\/a>\u00a0(p\u00e1gina 14).<\/p>\n<p>O documento designa 13 de novembro, \u00e0s 9h, a data para a elei\u00e7\u00e3o da Mesa Diretora da ALEMS para o 2\u00ba bi\u00eanio da 12\u00aa Legislatura. Conforme o texto, a data foi aprovada pela unanimidade dos presentes em vota\u00e7\u00e3o realizada na sess\u00e3o ordin\u00e1ria de hoje (31). O registro das candidaturas e a elei\u00e7\u00e3o ser\u00e3o realizados conforme previsto nos Artigos 10 a 18 do\u00a0<a href=\"https:\/\/al.ms.gov.br\/upload\/Pdf\/2017_10_30_09_28_06_regimento_interno_27_10_2017.pdf\" target=\"_blank\" rel=\"noopener\">Regimento Interno do Parlamento Estadual<\/a>.<\/p>\n<p>De acordo com o Regimento Interno, a Mesa Diretora da ALEMS \u00e9 composta por presid\u00eancia e secretaria, com a\u00a0compet\u00eancia\u00a0de dirigir os trabalhos legislativos e os servi\u00e7os administrativos da institui\u00e7\u00e3o. A\u00a0elei\u00e7\u00e3o dos membros da Mesa Diretora \u00e9 feita por vota\u00e7\u00e3o nominal e\u00a0aberta,\u00a0considerando-se eleita a chapa ou o candidato individual ou avulso que obtiver a maioria absoluta dos votos, e que cumprir\u00e1 mandato de dois anos, permitida a reelei\u00e7\u00e3o.<\/p>\n<p>Quando a elei\u00e7\u00e3o da Mesa Diretora \u00e9 realizada no curso da legislatura, in\u00edcio da terceira e quarta sess\u00f5es legislativas, como neste ano, de acordo com o artigo 20 do Regimento Interno, o prazo para a elei\u00e7\u00e3o \u00e9 at\u00e9 a antepen\u00faltima sess\u00e3o ordin\u00e1ria da segunda sess\u00e3o legislativa. Entre os requisitos para a realiza\u00e7\u00e3o da vota\u00e7\u00e3o, est\u00e1 a presen\u00e7a da maioria dos deputados.<\/p>\n<p>Os parlamentares\u00a0elegem o presidente, o primeiro vice-presidente, o segundo vice-presidente e o terceiro vice-presidente; al\u00e9m do primeiro, segundo e terceiros secret\u00e1rios. A atual forma\u00e7\u00e3o da\u00a0Mesa Diretora da ALEMS\u00a0pode ser conferida\u00a0<a href=\"https:\/\/al.ms.gov.br\/MesaDiretora\" target=\"_blank\" rel=\"noopener\">aqui<\/a>.<\/p>\n","protected":false},"excerpt":{"rendered":"<p>A Assembleia Legislativa de Mato Grosso do Sul (ALEMS) realizar\u00e1 no dia 13 de novembro (quarta-feira) de 2024 a elei\u00e7\u00e3o da Mesa Diretora para o pr\u00f3ximo bi\u00eanio. \u00c9 o que prev\u00ea o Ato 92\/2024 publicado nesta quinta-feira (31) no\u00a0Di\u00e1rio Oficial do Parlamento\u00a0(p\u00e1gina 14). O documento designa 13 de novembro, \u00e0s 9h, a data para a [&hellip;]<\/p>\n","protected":false},"author":3,"featured_media":30404,"comment_status":"open","ping_status":"open","sticky":false,"template":"","format":"standard","meta":{"om_disable_all_campaigns":false,"_monsterinsights_skip_tracking":false,"_monsterinsights_sitenote_active":false,"_monsterinsights_sitenote_note":"","_monsterinsights_sitenote_category":0,"footnotes":""},"categories":[266,42],"tags":[],"aioseo_notices":[],"_links":{"self":[{"href":"https:\/\/expressaoms.com.br\/index.php\/wp-json\/wp\/v2\/posts\/30403"}],"collection":[{"href":"https:\/\/expressaoms.com.br\/index.php\/wp-json\/wp\/v2\/posts"}],"about":[{"href":"https:\/\/expressaoms.com.br\/index.php\/wp-json\/wp\/v2\/types\/post"}],"author":[{"embeddable":true,"href":"https:\/\/expressaoms.com.br\/index.php\/wp-json\/wp\/v2\/users\/3"}],"replies":[{"embeddable":true,"href":"https:\/\/expressaoms.com.br\/index.php\/wp-json\/wp\/v2\/comments?post=30403"}],"version-history":[{"count":1,"href":"https:\/\/expressaoms.com.br\/index.php\/wp-json\/wp\/v2\/posts\/30403\/revisions"}],"predecessor-version":[{"id":30405,"href":"https:\/\/expressaoms.com.br\/index.php\/wp-json\/wp\/v2\/posts\/30403\/revisions\/30405"}],"wp:featuredmedia":[{"embeddable":true,"href":"https:\/\/expressaoms.com.br\/index.php\/wp-json\/wp\/v2\/media\/30404"}],"wp:attachment":[{"href":"https:\/\/expressaoms.com.br\/index.php\/wp-json\/wp\/v2\/media?parent=30403"}],"wp:term":[{"taxonomy":"category","embeddable":true,"href":"https:\/\/expressaoms.com.br\/index.php\/wp-json\/wp\/v2\/categories?post=30403"},{"taxonomy":"post_tag","embeddable":true,"href":"https:\/\/expressaoms.com.br\/index.php\/wp-json\/wp\/v2\/tags?post=30403"}],"curies":[{"name":"wp","href":"https:\/\/api.w.org\/{rel}","templated":true}]}}