{"id":30457,"date":"2024-11-06T09:51:36","date_gmt":"2024-11-06T13:51:36","guid":{"rendered":"https:\/\/expressaoms.com.br\/?p=30457"},"modified":"2024-11-06T09:51:36","modified_gmt":"2024-11-06T13:51:36","slug":"prefeitura-de-tres-lagoas-realiza-a-1a-edicao-do-craques-do-bem-com-ex-jogadores-do-corinthians","status":"publish","type":"post","link":"https:\/\/expressaoms.com.br\/index.php\/2024\/11\/06\/prefeitura-de-tres-lagoas-realiza-a-1a-edicao-do-craques-do-bem-com-ex-jogadores-do-corinthians\/","title":{"rendered":"Prefeitura de Tr\u00eas Lagoas realiza a 1\u00aa edi\u00e7\u00e3o do \u201cCraques do Bem\u201d com ex-jogadores do Corinthians"},"content":{"rendered":"<p>No dia 23 de novembro, a Prefeitura de Tr\u00eas Lagoas, por meio da Secretaria Municipal de Esporte, Juventude e Lazer (SEJUVEL), promove a 1\u00aa edi\u00e7\u00e3o do \u201cCraques do Bem\u201d, um evento beneficente de futebol que reunir\u00e1 grandes nomes do esporte nacional. A a\u00e7\u00e3o ser\u00e1 realizada no Est\u00e1dio Municipal Benedito Soares da Motta, o \u201cMadrugad\u00e3o\u201d, e promete ser um momento inesquec\u00edvel para os f\u00e3s de futebol e para a comunidade.<\/p>\n<p>O evento ter\u00e1 in\u00edcio \u00e0s 8h e a entrada ser\u00e1 1 quilo de alimento n\u00e3o perec\u00edvel ou 1 litro de leite longa vida, itens que ser\u00e3o doados para entidades beneficentes do munic\u00edpio, refor\u00e7ando o compromisso social da Prefeitura de Tr\u00eas Lagoas em apoiar as institui\u00e7\u00f5es carentes da cidade.<\/p>\n<p>Entre os craques j\u00e1 confirmados para esta edi\u00e7\u00e3o est\u00e3o os ex-jogadores do Corinthians: Ailton, Biro Biro, Jorginho Putinatti, Boiadeiro, Tupanzinho, Luiz\u00e3o, M\u00e1rcio Bittencourt, Muller, Homalcy e Ge Goulart.<\/p>\n<p>Estes \u00eddolos do futebol brasileiro prometem emocionar os amantes do futebol, neste evento que une esporte e solidariedade. A Prefeitura de Tr\u00eas Lagoas e a SEJUVEL convidam toda a popula\u00e7\u00e3o a participar do \u201cCraques do Bem\u201d e a colaborar com as doa\u00e7\u00f5es.<\/p>\n","protected":false},"excerpt":{"rendered":"<p>No dia 23 de novembro, a Prefeitura de Tr\u00eas Lagoas, por meio da Secretaria Municipal de Esporte, Juventude e Lazer (SEJUVEL), promove a 1\u00aa edi\u00e7\u00e3o do \u201cCraques do Bem\u201d, um evento beneficente de futebol que reunir\u00e1 grandes nomes do esporte nacional. A a\u00e7\u00e3o ser\u00e1 realizada no Est\u00e1dio Municipal Benedito Soares da Motta, o \u201cMadrugad\u00e3o\u201d, e [&hellip;]<\/p>\n","protected":false},"author":2,"featured_media":30458,"comment_status":"open","ping_status":"open","sticky":false,"template":"","format":"standard","meta":{"om_disable_all_campaigns":false,"_monsterinsights_skip_tracking":false,"_monsterinsights_sitenote_active":false,"_monsterinsights_sitenote_note":"","_monsterinsights_sitenote_category":0,"footnotes":""},"categories":[35,36,48],"tags":[],"aioseo_notices":[],"_links":{"self":[{"href":"https:\/\/expressaoms.com.br\/index.php\/wp-json\/wp\/v2\/posts\/30457"}],"collection":[{"href":"https:\/\/expressaoms.com.br\/index.php\/wp-json\/wp\/v2\/posts"}],"about":[{"href":"https:\/\/expressaoms.com.br\/index.php\/wp-json\/wp\/v2\/types\/post"}],"author":[{"embeddable":true,"href":"https:\/\/expressaoms.com.br\/index.php\/wp-json\/wp\/v2\/users\/2"}],"replies":[{"embeddable":true,"href":"https:\/\/expressaoms.com.br\/index.php\/wp-json\/wp\/v2\/comments?post=30457"}],"version-history":[{"count":1,"href":"https:\/\/expressaoms.com.br\/index.php\/wp-json\/wp\/v2\/posts\/30457\/revisions"}],"predecessor-version":[{"id":30459,"href":"https:\/\/expressaoms.com.br\/index.php\/wp-json\/wp\/v2\/posts\/30457\/revisions\/30459"}],"wp:featuredmedia":[{"embeddable":true,"href":"https:\/\/expressaoms.com.br\/index.php\/wp-json\/wp\/v2\/media\/30458"}],"wp:attachment":[{"href":"https:\/\/expressaoms.com.br\/index.php\/wp-json\/wp\/v2\/media?parent=30457"}],"wp:term":[{"taxonomy":"category","embeddable":true,"href":"https:\/\/expressaoms.com.br\/index.php\/wp-json\/wp\/v2\/categories?post=30457"},{"taxonomy":"post_tag","embeddable":true,"href":"https:\/\/expressaoms.com.br\/index.php\/wp-json\/wp\/v2\/tags?post=30457"}],"curies":[{"name":"wp","href":"https:\/\/api.w.org\/{rel}","templated":true}]}}