{"id":30460,"date":"2024-11-06T09:54:09","date_gmt":"2024-11-06T13:54:09","guid":{"rendered":"https:\/\/expressaoms.com.br\/?p=30460"},"modified":"2024-11-06T09:54:09","modified_gmt":"2024-11-06T13:54:09","slug":"cacambas-do-mutirao-da-limpeza-ficam-ate-o-dia-11-de-novembro-no-bosque-das-araras-e-set-sul","status":"publish","type":"post","link":"https:\/\/expressaoms.com.br\/index.php\/2024\/11\/06\/cacambas-do-mutirao-da-limpeza-ficam-ate-o-dia-11-de-novembro-no-bosque-das-araras-e-set-sul\/","title":{"rendered":"Ca\u00e7ambas do Mutir\u00e3o da Limpeza ficam at\u00e9 o dia 11 de novembro, no Bosque das Araras e Set Sul"},"content":{"rendered":"<p>Os moradores dos bairros Bosque das Araras e Set Sul t\u00eam at\u00e9 o dia 11 de novembro, segunda-feira, para utilizar as ca\u00e7ambas do Mutir\u00e3o da Limpeza, campanha da Prefeitura de Tr\u00eas Lagoas, promovida pelo setor de Endemias da Secretaria Municipal de Sa\u00fade (SMS), em parceria com a Secretaria Municipal de Infraestrutura, Transporte e Tr\u00e2nsito (SEINTRA).<\/p>\n<p>A a\u00e7\u00e3o visa eliminar criadouros de vetores de doen\u00e7as relacionadas a arboviroses, leishmaniose e escorpi\u00f5es, disponibilizando ca\u00e7ambas em pontos estrat\u00e9gicos para que a popula\u00e7\u00e3o descarte corretamente lixo e materiais inserv\u00edveis.<\/p>\n<p><strong>O QUE \u00c9 PERMITIDO DESCARTAR<\/strong><\/p>\n<p>Nestes locais, o morador pode descartar itens como garrafas, pneus, latas, vasos, lonas e eletrodom\u00e9sticos antigos que possam acumular \u00e1gua. Al\u00e9m disso, materiais org\u00e2nicos suscet\u00edveis \u00e0 decomposi\u00e7\u00e3o, como folhas, galhos e madeira podre, e itens que sirvam de abrigo para escorpi\u00f5es, como telhas, tijolos e outros entulhos, tamb\u00e9m s\u00e3o aceitos.<\/p>\n<p><strong>CONFIRA OS LOCAIS<\/strong><\/p>\n<p>As ca\u00e7ambas da PMTL est\u00e3o dispon\u00edveis nas seguintes ruas:<\/p>\n<figure class=\"wp-block-table\">\n<table class=\"has-fixed-layout\">\n<tbody>\n<tr>\n<td><strong>N\u00ba<\/strong><\/td>\n<td><strong>Quarteir\u00e3o<\/strong><\/td>\n<td><strong>Local para Coloca\u00e7\u00e3o da Ca\u00e7amba<\/strong><\/td>\n<td><strong>Bairro<\/strong><\/td>\n<td><\/td>\n<\/tr>\n<tr>\n<td>Rua Waldemar M. de Queiroz<\/td>\n<td>4707<\/td>\n<td>05<\/td>\n<td>Em frente ao n\u00famero<\/td>\n<td>Bosque das Araras<\/td>\n<\/tr>\n<tr>\n<td>Rua Waldemar M. de Queiroz<\/td>\n<td>222<\/td>\n<td>09<\/td>\n<td>Em frente ao n\u00famero<\/td>\n<td>Bosque das Araras<\/td>\n<\/tr>\n<tr>\n<td>Rua Waldemar M. de Queiroz<\/td>\n<td>4466<\/td>\n<td>11<\/td>\n<td>Em frente ao n\u00famero<\/td>\n<td>Bosque das Araras<\/td>\n<\/tr>\n<tr>\n<td>Rua Nicolas Daddad<\/td>\n<td>50<\/td>\n<td>13<\/td>\n<td>Em frente ao n\u00famero<\/td>\n<td>Bosque das Araras<\/td>\n<\/tr>\n<tr>\n<td>Rua Nicolas Daddad<\/td>\n<td>200<\/td>\n<td>15<\/td>\n<td>Em frente ao n\u00famero<\/td>\n<td>Bosque das Araras<\/td>\n<\/tr>\n<tr>\n<td>Rua Arara Amarela<\/td>\n<td>53<\/td>\n<td>31<\/td>\n<td>Em frente ao n\u00famero<\/td>\n<td>Bosque das Araras<\/td>\n<\/tr>\n<tr>\n<td>Rua Arara Amarela<\/td>\n<td>283<\/td>\n<td>38<\/td>\n<td>Em frente ao n\u00famero<\/td>\n<td>Bosque das Araras<\/td>\n<\/tr>\n<tr>\n<td>Rua Arara Amarela<\/td>\n<td>373<\/td>\n<td>46<\/td>\n<td>Em frente ao n\u00famero<\/td>\n<td>Bosque das Araras<\/td>\n<\/tr>\n<tr>\n<td>Rua Arara Amarela<\/td>\n<td>553<\/td>\n<td>59<\/td>\n<td>Em frente ao n\u00famero<\/td>\n<td>Bosque das Araras<\/td>\n<\/tr>\n<tr>\n<td>Rua Jandaia<\/td>\n<td>160<\/td>\n<td>57<\/td>\n<td>Em frente ao n\u00famero<\/td>\n<td>Bosque das Araras<\/td>\n<\/tr>\n<tr>\n<td>Rua Guaruba<\/td>\n<td>275<\/td>\n<td>48<\/td>\n<td>Em frente ao n\u00famero<\/td>\n<td>Bosque das Araras<\/td>\n<\/tr>\n<tr>\n<td>Rua Calopsita<\/td>\n<td>415<\/td>\n<td>49<\/td>\n<td>Em frente ao n\u00famero<\/td>\n<td>Bosque das Araras<\/td>\n<\/tr>\n<tr>\n<td>Rua Maritaca<\/td>\n<td>462<\/td>\n<td>40<\/td>\n<td>Em frente ao n\u00famero<\/td>\n<td>Bosque das Araras<\/td>\n<\/tr>\n<tr>\n<td>Rua Arara Azul<\/td>\n<td>322<\/td>\n<td>44<\/td>\n<td>Em frente ao n\u00famero<\/td>\n<td>Bosque das Araras<\/td>\n<\/tr>\n<tr>\n<td>Rua Arara Vermelha<\/td>\n<td>143<\/td>\n<td>37<\/td>\n<td>Em frente ao n\u00famero<\/td>\n<td>Bosque das Araras<\/td>\n<\/tr>\n<tr>\n<td>Rua Tuim<\/td>\n<td>427<\/td>\n<td>33<\/td>\n<td>Em frente ao n\u00famero<\/td>\n<td>Bosque das Araras<\/td>\n<\/tr>\n<tr>\n<td>Rua Euridices Chagas Cruz<\/td>\n<td>161<\/td>\n<td>02<\/td>\n<td>Em frente ao n\u00famero<\/td>\n<td>Set Sul<\/td>\n<\/tr>\n<tr>\n<td>Rua David Alexandria<\/td>\n<td>101<\/td>\n<td>07<\/td>\n<td>Em frente ao n\u00famero<\/td>\n<td>Set Sul<\/td>\n<\/tr>\n<tr>\n<td>Viela Jos\u00e9 C. Costa<\/td>\n<td>496<\/td>\n<td>13<\/td>\n<td>Em frente ao n\u00famero<\/td>\n<td>Set Sul<\/td>\n<\/tr>\n<tr>\n<td>Rua Alberto Pincella<\/td>\n<td>221<\/td>\n<td>14<\/td>\n<td>Em frente ao n\u00famero<\/td>\n<td>Set Sul<\/td>\n<\/tr>\n<tr>\n<td>Rua Alberto Pincella<\/td>\n<td>163<\/td>\n<td>15<\/td>\n<td>Em frente ao n\u00famero<\/td>\n<td>Set Sul<\/td>\n<\/tr>\n<tr>\n<td>Rua Bom Jesus da Lapa<\/td>\n<td>262<\/td>\n<td>16<\/td>\n<td>Em frente ao n\u00famero<\/td>\n<td>Set Sul<\/td>\n<\/tr>\n<tr>\n<td>Rua Bom Jesus da Lapa<\/td>\n<td>220<\/td>\n<td>17<\/td>\n<td>Em frente ao n\u00famero<\/td>\n<td>Set Sul<\/td>\n<\/tr>\n<tr>\n<td>Rua Bom Jesus da Lapa<\/td>\n<td>197<\/td>\n<td>18<\/td>\n<td>Em frente ao n\u00famero<\/td>\n<td>Set Sul<\/td>\n<\/tr>\n<tr>\n<td>Rua Manoel J. Moraes<\/td>\n<td>196<\/td>\n<td>21<\/td>\n<td>Em frente ao n\u00famero<\/td>\n<td>Set Sul<\/td>\n<\/tr>\n<tr>\n<td>Rua Geraldo Mandelli<\/td>\n<td>40<\/td>\n<td>22<\/td>\n<td>Em frente ao n\u00famero<\/td>\n<td>Set Sul<\/td>\n<\/tr>\n<tr>\n<td>Rua David Alexandria<\/td>\n<td>188<\/td>\n<td>19<\/td>\n<td>Em frente ao n\u00famero<\/td>\n<td>Set Sul<\/td>\n<\/tr>\n<tr>\n<td>Rua Jo\u00e3o Gon\u00e7alves de Oliveira<\/td>\n<td>4541<\/td>\n<td>26<\/td>\n<td>Em frente ao n\u00famero<\/td>\n<td>Set Sul<\/td>\n<\/tr>\n<tr>\n<td>Rua Projetada 08<\/td>\n<td>4636<\/td>\n<td>29<\/td>\n<td>Ao lado do Condom\u00ednio<\/td>\n<td>Set Sul<\/td>\n<\/tr>\n<tr>\n<td>Rua Projetada 06<\/td>\n<td>20<\/td>\n<td>30<\/td>\n<td>Em frente ao n\u00famero<\/td>\n<td>Set Sul<\/td>\n<\/tr>\n<tr>\n<td>Rua Jos\u00e9 C. da Silva<\/td>\n<td>35<\/td>\n<td>33<\/td>\n<td>Em frente ao n\u00famero<\/td>\n<td>Set Sul<\/td>\n<\/tr>\n<tr>\n<td>Rua Jo\u00e3o Gon\u00e7alves de Oliveira<\/td>\n<td>4662<\/td>\n<td>30<\/td>\n<td>Em frente ao n\u00famero<\/td>\n<td>Set Sul<\/td>\n<\/tr>\n<\/tbody>\n<\/table>\n<\/figure>\n","protected":false},"excerpt":{"rendered":"<p>Os moradores dos bairros Bosque das Araras e Set Sul t\u00eam at\u00e9 o dia 11 de novembro, segunda-feira, para utilizar as ca\u00e7ambas do Mutir\u00e3o da Limpeza, campanha da Prefeitura de Tr\u00eas Lagoas, promovida pelo setor de Endemias da Secretaria Municipal de Sa\u00fade (SMS), em parceria com a Secretaria Municipal de Infraestrutura, Transporte e Tr\u00e2nsito (SEINTRA). [&hellip;]<\/p>\n","protected":false},"author":2,"featured_media":30461,"comment_status":"open","ping_status":"open","sticky":false,"template":"","format":"standard","meta":{"om_disable_all_campaigns":false,"_monsterinsights_skip_tracking":false,"_monsterinsights_sitenote_active":false,"_monsterinsights_sitenote_note":"","_monsterinsights_sitenote_category":0,"footnotes":""},"categories":[36,48],"tags":[],"aioseo_notices":[],"_links":{"self":[{"href":"https:\/\/expressaoms.com.br\/index.php\/wp-json\/wp\/v2\/posts\/30460"}],"collection":[{"href":"https:\/\/expressaoms.com.br\/index.php\/wp-json\/wp\/v2\/posts"}],"about":[{"href":"https:\/\/expressaoms.com.br\/index.php\/wp-json\/wp\/v2\/types\/post"}],"author":[{"embeddable":true,"href":"https:\/\/expressaoms.com.br\/index.php\/wp-json\/wp\/v2\/users\/2"}],"replies":[{"embeddable":true,"href":"https:\/\/expressaoms.com.br\/index.php\/wp-json\/wp\/v2\/comments?post=30460"}],"version-history":[{"count":1,"href":"https:\/\/expressaoms.com.br\/index.php\/wp-json\/wp\/v2\/posts\/30460\/revisions"}],"predecessor-version":[{"id":30462,"href":"https:\/\/expressaoms.com.br\/index.php\/wp-json\/wp\/v2\/posts\/30460\/revisions\/30462"}],"wp:featuredmedia":[{"embeddable":true,"href":"https:\/\/expressaoms.com.br\/index.php\/wp-json\/wp\/v2\/media\/30461"}],"wp:attachment":[{"href":"https:\/\/expressaoms.com.br\/index.php\/wp-json\/wp\/v2\/media?parent=30460"}],"wp:term":[{"taxonomy":"category","embeddable":true,"href":"https:\/\/expressaoms.com.br\/index.php\/wp-json\/wp\/v2\/categories?post=30460"},{"taxonomy":"post_tag","embeddable":true,"href":"https:\/\/expressaoms.com.br\/index.php\/wp-json\/wp\/v2\/tags?post=30460"}],"curies":[{"name":"wp","href":"https:\/\/api.w.org\/{rel}","templated":true}]}}