{"id":30473,"date":"2024-11-06T09:57:29","date_gmt":"2024-11-06T13:57:29","guid":{"rendered":"https:\/\/expressaoms.com.br\/?p=30473"},"modified":"2024-11-06T09:57:29","modified_gmt":"2024-11-06T13:57:29","slug":"unidades-de-saude-terao-plantoes-alusivos-ao-novembro-azul-veja-agenda","status":"publish","type":"post","link":"https:\/\/expressaoms.com.br\/index.php\/2024\/11\/06\/unidades-de-saude-terao-plantoes-alusivos-ao-novembro-azul-veja-agenda\/","title":{"rendered":"Unidades de Sa\u00fade ter\u00e3o plant\u00f5es alusivos ao Novembro Azul; veja agenda"},"content":{"rendered":"<p>Novembro \u00e9 o m\u00eas dedicado \u00e0 conscientiza\u00e7\u00e3o sobre o c\u00e2ncer de pr\u00f3stata e outros problemas prevalentes na popula\u00e7\u00e3o masculina, com a campanha Novembro Azul, que busca incentivar e orientar os homens a cuidarem da sa\u00fade, acolhendo-os de forma individualizada e integral. Com o objetivo de promover a\u00e7\u00f5es voltadas para essa causa, a Prefeitura de Tr\u00eas Lagoas, por meio da Secretaria Municipal de Sa\u00fade (SMS), realizar\u00e1 plant\u00f5es nas Unidades de Sa\u00fade da Fam\u00edlia (USFs) do munic\u00edpio, oferecendo atendimento especial para o p\u00fablico masculino.<\/p>\n<p>O diretor de Aten\u00e7\u00e3o B\u00e1sica da Rede Municipal de Sa\u00fade, o m\u00e9dico Vin\u00edcius de Jesus Rodrigues, ressalta que o foco da campanha deste ano \u00e9 o incentivo \u00e0 preven\u00e7\u00e3o da sa\u00fade masculina, conscientizando os homens sobre doen\u00e7as que afetam o p\u00fablico masculino, com \u00eanfase nas a\u00e7\u00f5es de preven\u00e7\u00e3o e no diagn\u00f3stico precoce por meio de exames e consultas.<\/p>\n<p>Aos s\u00e1bados e em alguns dias da semana, as unidades da Rede Municipal estar\u00e3o funcionando em regime de plant\u00e3o, oferecendo atendimento especial com consultas odontol\u00f3gicas, m\u00e9dicas e de enfermagem, atualiza\u00e7\u00e3o do cart\u00e3o de vacinas e realiza\u00e7\u00e3o de testes r\u00e1pidos para HIV (V\u00edrus da Imunodefici\u00eancia Humana), s\u00edfilis e hepatites B e C, entre outros servi\u00e7os. A\u00e7\u00f5es extramuros, em alguns bairros da cidade, tamb\u00e9m ser\u00e3o realizadas envolvendo nossas equipes de sa\u00fade da fam\u00edlia e equipe multiprofissional.<\/p>\n<p><em>Veja a programa\u00e7\u00e3o das USFs para o Novembro Azul:<\/em><\/p>\n<p><strong>Dia 08 (sexta-feira)<\/strong><\/p>\n<p>USF Nova Tr\u00eas Lagoas \u2013 Das 16h \u00e0s 20h<\/p>\n<p><strong>Dia 09 (s\u00e1bado)<\/strong><\/p>\n<p>USF Novo Oeste<\/p>\n<p>USF Santa Luzia<\/p>\n<p>USF Ch\u00e1cara Eldorado<\/p>\n<p><strong>Dia 21 (quinta-feira)<\/strong><\/p>\n<p>USF Vila Alegre<\/p>\n<p><strong>Dia 23 (s\u00e1bado)<\/strong><\/p>\n<p>USF Santa Rita<\/p>\n<p>USF Santo Andr\u00e9<\/p>\n<p>USF Jardim Maristela<\/p>\n<p><strong>Dia 24 (domingo)<\/strong><\/p>\n<p>USF Atenas<\/p>\n<p><strong>Dia 28 (quinta-feira)<\/strong><\/p>\n<p>USF Arapu\u00e1<\/p>\n<p><strong>Dia 29 (sexta-feira)<\/strong><\/p>\n<p>USF Miguel Nunes<\/p>\n<p>USF Garcias<\/p>\n<p><strong>Dia 30 (s\u00e1bado)<\/strong><\/p>\n<p>USF Interlagos<\/p>\n<p>USF Jupi\u00e1<\/p>\n<p>USF S\u00e3o Carlos<\/p>\n<p>USF Vila Haro<\/p>\n<p>USF Paranapung\u00e1<\/p>\n<p>USF Vila Piloto<\/p>\n","protected":false},"excerpt":{"rendered":"<p>Novembro \u00e9 o m\u00eas dedicado \u00e0 conscientiza\u00e7\u00e3o sobre o c\u00e2ncer de pr\u00f3stata e outros problemas prevalentes na popula\u00e7\u00e3o masculina, com a campanha Novembro Azul, que busca incentivar e orientar os homens a cuidarem da sa\u00fade, acolhendo-os de forma individualizada e integral. Com o objetivo de promover a\u00e7\u00f5es voltadas para essa causa, a Prefeitura de Tr\u00eas [&hellip;]<\/p>\n","protected":false},"author":2,"featured_media":30474,"comment_status":"open","ping_status":"open","sticky":false,"template":"","format":"standard","meta":{"om_disable_all_campaigns":false,"_monsterinsights_skip_tracking":false,"_monsterinsights_sitenote_active":false,"_monsterinsights_sitenote_note":"","_monsterinsights_sitenote_category":0,"footnotes":""},"categories":[36,44,48],"tags":[],"aioseo_notices":[],"_links":{"self":[{"href":"https:\/\/expressaoms.com.br\/index.php\/wp-json\/wp\/v2\/posts\/30473"}],"collection":[{"href":"https:\/\/expressaoms.com.br\/index.php\/wp-json\/wp\/v2\/posts"}],"about":[{"href":"https:\/\/expressaoms.com.br\/index.php\/wp-json\/wp\/v2\/types\/post"}],"author":[{"embeddable":true,"href":"https:\/\/expressaoms.com.br\/index.php\/wp-json\/wp\/v2\/users\/2"}],"replies":[{"embeddable":true,"href":"https:\/\/expressaoms.com.br\/index.php\/wp-json\/wp\/v2\/comments?post=30473"}],"version-history":[{"count":1,"href":"https:\/\/expressaoms.com.br\/index.php\/wp-json\/wp\/v2\/posts\/30473\/revisions"}],"predecessor-version":[{"id":30475,"href":"https:\/\/expressaoms.com.br\/index.php\/wp-json\/wp\/v2\/posts\/30473\/revisions\/30475"}],"wp:featuredmedia":[{"embeddable":true,"href":"https:\/\/expressaoms.com.br\/index.php\/wp-json\/wp\/v2\/media\/30474"}],"wp:attachment":[{"href":"https:\/\/expressaoms.com.br\/index.php\/wp-json\/wp\/v2\/media?parent=30473"}],"wp:term":[{"taxonomy":"category","embeddable":true,"href":"https:\/\/expressaoms.com.br\/index.php\/wp-json\/wp\/v2\/categories?post=30473"},{"taxonomy":"post_tag","embeddable":true,"href":"https:\/\/expressaoms.com.br\/index.php\/wp-json\/wp\/v2\/tags?post=30473"}],"curies":[{"name":"wp","href":"https:\/\/api.w.org\/{rel}","templated":true}]}}