{"id":30476,"date":"2024-11-06T10:44:28","date_gmt":"2024-11-06T14:44:28","guid":{"rendered":"https:\/\/expressaoms.com.br\/?p=30476"},"modified":"2024-11-06T10:44:28","modified_gmt":"2024-11-06T14:44:28","slug":"camara-de-tres-lagoas-aprova-parecer-sobre-contas-da-prefeitura-referentes-a-2017","status":"publish","type":"post","link":"https:\/\/expressaoms.com.br\/index.php\/2024\/11\/06\/camara-de-tres-lagoas-aprova-parecer-sobre-contas-da-prefeitura-referentes-a-2017\/","title":{"rendered":"C\u00e2mara de Tr\u00eas Lagoas aprova parecer sobre contas da Prefeitura referentes a 2017"},"content":{"rendered":"<p>Durante a 37\u00aa sess\u00e3o ordin\u00e1ria da C\u00e2mara Municipal de Tr\u00eas Lagoas, realizada na \u00faltima ter\u00e7a-feira, dia 05 de novembro, os vereadores analisaram e aprovaram o Projeto de Decreto Legislativo n\u00ba 105, de 31 de outubro de 2024. O projeto trata do parecer pr\u00e9vio emitido pelo Tribunal de Contas do Estado de Mato Grosso do Sul (TCE-MS) sobre o exerc\u00edcio financeiro da Prefeitura Municipal de Tr\u00eas Lagoas no ano de 2017.<\/p>\n<p>O parecer do TCE-MS, que \u00e9 um instrumento t\u00e9cnico de an\u00e1lise das contas p\u00fablicas, foi submetido \u00e0 Comiss\u00e3o de Finan\u00e7as e Or\u00e7amento da C\u00e2mara, que emitiu um parecer favor\u00e1vel \u00e0 aprova\u00e7\u00e3o. A decis\u00e3o final foi tomada em plen\u00e1rio, com a maioria dos vereadores votando pela aprova\u00e7\u00e3o do projeto.<\/p>\n<p>A aprova\u00e7\u00e3o desse parecer pr\u00e9vio reafirma o compromisso da C\u00e2mara de Tr\u00eas Lagoas com a transpar\u00eancia e a fiscaliza\u00e7\u00e3o dos gastos p\u00fablicos, contribuindo para a condu\u00e7\u00e3o respons\u00e1vel dos recursos municipais.<\/p>\n","protected":false},"excerpt":{"rendered":"<p>Durante a 37\u00aa sess\u00e3o ordin\u00e1ria da C\u00e2mara Municipal de Tr\u00eas Lagoas, realizada na \u00faltima ter\u00e7a-feira, dia 05 de novembro, os vereadores analisaram e aprovaram o Projeto de Decreto Legislativo n\u00ba 105, de 31 de outubro de 2024. O projeto trata do parecer pr\u00e9vio emitido pelo Tribunal de Contas do Estado de Mato Grosso do Sul [&hellip;]<\/p>\n","protected":false},"author":2,"featured_media":30477,"comment_status":"open","ping_status":"open","sticky":false,"template":"","format":"standard","meta":{"om_disable_all_campaigns":false,"_monsterinsights_skip_tracking":false,"_monsterinsights_sitenote_active":false,"_monsterinsights_sitenote_note":"","_monsterinsights_sitenote_category":0,"footnotes":""},"categories":[42,48],"tags":[],"aioseo_notices":[],"_links":{"self":[{"href":"https:\/\/expressaoms.com.br\/index.php\/wp-json\/wp\/v2\/posts\/30476"}],"collection":[{"href":"https:\/\/expressaoms.com.br\/index.php\/wp-json\/wp\/v2\/posts"}],"about":[{"href":"https:\/\/expressaoms.com.br\/index.php\/wp-json\/wp\/v2\/types\/post"}],"author":[{"embeddable":true,"href":"https:\/\/expressaoms.com.br\/index.php\/wp-json\/wp\/v2\/users\/2"}],"replies":[{"embeddable":true,"href":"https:\/\/expressaoms.com.br\/index.php\/wp-json\/wp\/v2\/comments?post=30476"}],"version-history":[{"count":1,"href":"https:\/\/expressaoms.com.br\/index.php\/wp-json\/wp\/v2\/posts\/30476\/revisions"}],"predecessor-version":[{"id":30478,"href":"https:\/\/expressaoms.com.br\/index.php\/wp-json\/wp\/v2\/posts\/30476\/revisions\/30478"}],"wp:featuredmedia":[{"embeddable":true,"href":"https:\/\/expressaoms.com.br\/index.php\/wp-json\/wp\/v2\/media\/30477"}],"wp:attachment":[{"href":"https:\/\/expressaoms.com.br\/index.php\/wp-json\/wp\/v2\/media?parent=30476"}],"wp:term":[{"taxonomy":"category","embeddable":true,"href":"https:\/\/expressaoms.com.br\/index.php\/wp-json\/wp\/v2\/categories?post=30476"},{"taxonomy":"post_tag","embeddable":true,"href":"https:\/\/expressaoms.com.br\/index.php\/wp-json\/wp\/v2\/tags?post=30476"}],"curies":[{"name":"wp","href":"https:\/\/api.w.org\/{rel}","templated":true}]}}