{"id":30637,"date":"2024-11-09T11:43:21","date_gmt":"2024-11-09T15:43:21","guid":{"rendered":"https:\/\/expressaoms.com.br\/?p=30637"},"modified":"2024-11-09T11:52:24","modified_gmt":"2024-11-09T15:52:24","slug":"tres-lagoee-de-14-ano-faz-seis-gols-em-dois-jogos-e-e-chamado-para-base-do-corinthians","status":"publish","type":"post","link":"https:\/\/expressaoms.com.br\/index.php\/2024\/11\/09\/tres-lagoee-de-14-ano-faz-seis-gols-em-dois-jogos-e-e-chamado-para-base-do-corinthians\/","title":{"rendered":"Tr\u00eas-lagoense de 14 anos faz seis gols em dois jogos e \u00e9 chamado para base do Corinthians"},"content":{"rendered":"<div id=\"chunk-86p9b\">\n<div class=\"mc-column content-text active-extra-styles \" data-block-type=\"unstyled\" data-block-weight=\"51\" data-block-id=\"3\">\n<p class=\" content-text__container \" data-track-category=\"Link no Texto\" data-track-links=\"\" data-mrf-recirculation=\"Artigo - Link no Texto\">O jovem Victor Ram\u00e3o Ramos Pereira, de 14 anos, de Tr\u00eas Lagoas, impressionou ao marcar seis gols durante duas partidas de treinamento no CT Joaquim Grava, em S\u00e3o Paulo. O sul-mato-grossense foi chamado para um pr\u00e9-contrato na base do Corinthians e deve se apresentar j\u00e1 no dia 29 de novembro.<\/p>\n<\/div>\n<\/div>\n<div class=\"wall protected-content\">\n<div id=\"chunk-8gn3e\">\n<div class=\"mc-column content-text active-extra-styles \" data-block-type=\"unstyled\" data-block-weight=\"31\" data-block-id=\"4\">\n<p class=\" content-text__container \" data-track-category=\"Link no Texto\" data-track-links=\"\" data-mrf-recirculation=\"Artigo - Link no Texto\">Conforme a m\u00e3e, Joice Ramos Queiroz de Lima, Victor foi descoberto por um olheiro durante o jogo do SEJUVEL, sele\u00e7\u00e3o do munic\u00edpio em que o atleta mora com a fam\u00edlia.<\/p>\n<blockquote>\n<p data-track-category=\"Link no Texto\" data-track-links=\"\" data-mrf-recirculation=\"Artigo - Link no Texto\">&#8220;Como ele participa de muitos jogos, sempre tem as pessoas que olham, empres\u00e1rios, olheiros e ai eles sempre est\u00e3o de olho nos meninos que se destacam mais. E ai nisso um rapaz que chama Edy viu o Victor e viu o potencial dele e ai fez o convite para o Victor vir para S\u00e3o Paulo e fazer o teste, para ver se o pessoal gostaria dele&#8221;, contou Joice.<\/p>\n<\/blockquote>\n<div id=\"chunk-5oii7\">\n<div class=\"mc-column content-text active-extra-styles \" data-block-type=\"unstyled\" data-block-weight=\"32\" data-block-id=\"10\">\n<p class=\" content-text__container \" data-track-category=\"Link no Texto\" data-track-links=\"\" data-mrf-recirculation=\"Artigo - Link no Texto\">Ainda conforme a m\u00e3e, a proposta era que o filho ficasse 15 dias na cidade, jogando em dias alternados para teste. Por\u00e9m o desempenho impressionante em duas partidas mudou os planos.<\/p>\n<p data-track-category=\"Link no Texto\" data-track-links=\"\" data-mrf-recirculation=\"Artigo - Link no Texto\"><img fetchpriority=\"high\" decoding=\"async\" class=\"alignnone size-full wp-image-30638\" src=\"https:\/\/expressaoms.com.br\/wp-content\/uploads\/2024\/11\/ramon-2.jpg\" alt=\"\" width=\"972\" height=\"836\" srcset=\"https:\/\/expressaoms.com.br\/wp-content\/uploads\/2024\/11\/ramon-2.jpg 972w, https:\/\/expressaoms.com.br\/wp-content\/uploads\/2024\/11\/ramon-2-300x258.jpg 300w, https:\/\/expressaoms.com.br\/wp-content\/uploads\/2024\/11\/ramon-2-768x661.jpg 768w, https:\/\/expressaoms.com.br\/wp-content\/uploads\/2024\/11\/ramon-2-600x516.jpg 600w\" sizes=\"(max-width: 972px) 100vw, 972px\" \/><\/p>\n<\/div>\n<\/div>\n<div id=\"chunk-fhtte\">\n<div class=\"mc-column content-text active-extra-styles \" data-block-type=\"unstyled\" data-block-weight=\"67\" data-block-id=\"11\">\n<p class=\" content-text__container \" data-track-category=\"Link no Texto\" data-track-links=\"\" data-mrf-recirculation=\"Artigo - Link no Texto\">&#8220;Nesses jogos ele fez 6 gols e ai o pessoal do Corinthians gostou e j\u00e1 dispensou, falou que ele n\u00e3o precisava vir mais fazer os outros testes e que ele j\u00e1 poderia vir para participar da base. <span class=\"highlight highlighted\">D<\/span><span class=\"highlight highlighted\">ia 29, ele vai se apresentar l\u00e1 no CT Joaquim Grava, que \u00e9 onde ficam os profissionais tamb\u00e9m e, dando certo, ele vai assinar o contrato<\/span><span class=\"highlight highlighted\">&#8220;<\/span><strong><span class=\"highlight highlighted\">. <\/span><\/strong>falou.<\/p>\n<div id=\"chunk-879o2\">\n<div class=\"mc-column content-text active-extra-styles \" data-block-type=\"unstyled\" data-block-weight=\"30\" data-block-id=\"14\">\n<p class=\" content-text__container \" data-track-category=\"Link no Texto\" data-track-links=\"\" data-mrf-recirculation=\"Artigo - Link no Texto\">Joice disse que \u00e9 muito gratificante ver o filho construindo o sonho dele e que pretende acompanhar de perto qualquer se o filho ficar em S\u00e3o Paulo.<\/p>\n<\/div>\n<\/div>\n<div id=\"chunk-ein31\">\n<div class=\"mc-column content-text active-extra-styles\" data-block-type=\"raw\" data-block-weight=\"45\" data-block-id=\"15\">\n<blockquote class=\"content-blockquote theme-border-color-primary-before\"><p>&#8220;Eu fico muito feliz em poder ter uma oportunidade como essa coisa que muitos meninos da minha idade queiram. O futebol representa mais do que um esporte para mim \u00e9 uma verdadeira paix\u00e3o eu respiro futebol, sonho futebol, eu vivo o futebol&#8221;, disse o atleta.<\/p><\/blockquote>\n<p>Mesmo tendo apenas 14 anos, Victor ressalta que se sente muito feliz com a oportunidade. <span class=\"highlight highlighted\">&#8220;Quero contribuir com o clube e atender todas as expectativas deles&#8221;, finalizou.<\/span><\/p>\n<\/div>\n<\/div>\n<p>&nbsp;<\/p>\n<pre>Com G1<\/pre>\n<div id=\"chunk-5sifa\">\n<div class=\"content-ads content-ads--reveal\" data-block-type=\"ads\" data-block-id=\"17\">\n<div class=\"tag-manager-publicidade-container mc-has-reveal mc-has-ad-lazyload\" data-id=\"banner_materia__6037e2a7-1634-4a15-b205-65010c800716\"><\/div>\n<\/div>\n<\/div>\n<div id=\"chunk-5kgp2\">\n<div class=\"row medium-uncollapsed content-media content-photo\" data-block-type=\"backstage-photo\" data-block-id=\"18\">\n<div class=\"mc-column content-media__container\">\n<div class=\"content-media-container glb-skeleton-box\"><\/div>\n<\/div>\n<\/div>\n<\/div>\n<p data-track-category=\"Link no Texto\" data-track-links=\"\" data-mrf-recirculation=\"Artigo - Link no Texto\">\n<\/div>\n<\/div>\n<div id=\"chunk-2iunt\">\n<div class=\"content-ads content-ads--reveal\" data-block-type=\"ads\" data-block-id=\"12\">\n<div class=\"tag-manager-publicidade-container mc-has-reveal mc-has-ad-lazyload\" data-id=\"banner_materia__e3957a5c-9de2-467e-871a-7a2863ecb150\"><\/div>\n<\/div>\n<\/div>\n<div id=\"chunk-8vkd4\">\n<div class=\"row medium-uncollapsed content-media content-photo\" data-block-type=\"backstage-photo\" data-block-id=\"13\">\n<div class=\"mc-column content-media__container\">\n<div class=\"content-media-container glb-skeleton-box\"><\/div>\n<\/div>\n<\/div>\n<\/div>\n<\/div>\n<\/div>\n<\/div>\n","protected":false},"excerpt":{"rendered":"<p>O jovem Victor Ram\u00e3o Ramos Pereira, de 14 anos, de Tr\u00eas Lagoas, impressionou ao marcar seis gols durante duas partidas de treinamento no CT Joaquim Grava, em S\u00e3o Paulo. O sul-mato-grossense foi chamado para um pr\u00e9-contrato na base do Corinthians e deve se apresentar j\u00e1 no dia 29 de novembro. Conforme a m\u00e3e, Joice Ramos [&hellip;]<\/p>\n","protected":false},"author":3,"featured_media":30639,"comment_status":"open","ping_status":"open","sticky":false,"template":"","format":"standard","meta":{"om_disable_all_campaigns":false,"_monsterinsights_skip_tracking":false,"_monsterinsights_sitenote_active":false,"_monsterinsights_sitenote_note":"","_monsterinsights_sitenote_category":0,"footnotes":""},"categories":[34,36,48],"tags":[],"aioseo_notices":[],"_links":{"self":[{"href":"https:\/\/expressaoms.com.br\/index.php\/wp-json\/wp\/v2\/posts\/30637"}],"collection":[{"href":"https:\/\/expressaoms.com.br\/index.php\/wp-json\/wp\/v2\/posts"}],"about":[{"href":"https:\/\/expressaoms.com.br\/index.php\/wp-json\/wp\/v2\/types\/post"}],"author":[{"embeddable":true,"href":"https:\/\/expressaoms.com.br\/index.php\/wp-json\/wp\/v2\/users\/3"}],"replies":[{"embeddable":true,"href":"https:\/\/expressaoms.com.br\/index.php\/wp-json\/wp\/v2\/comments?post=30637"}],"version-history":[{"count":1,"href":"https:\/\/expressaoms.com.br\/index.php\/wp-json\/wp\/v2\/posts\/30637\/revisions"}],"predecessor-version":[{"id":30640,"href":"https:\/\/expressaoms.com.br\/index.php\/wp-json\/wp\/v2\/posts\/30637\/revisions\/30640"}],"wp:featuredmedia":[{"embeddable":true,"href":"https:\/\/expressaoms.com.br\/index.php\/wp-json\/wp\/v2\/media\/30639"}],"wp:attachment":[{"href":"https:\/\/expressaoms.com.br\/index.php\/wp-json\/wp\/v2\/media?parent=30637"}],"wp:term":[{"taxonomy":"category","embeddable":true,"href":"https:\/\/expressaoms.com.br\/index.php\/wp-json\/wp\/v2\/categories?post=30637"},{"taxonomy":"post_tag","embeddable":true,"href":"https:\/\/expressaoms.com.br\/index.php\/wp-json\/wp\/v2\/tags?post=30637"}],"curies":[{"name":"wp","href":"https:\/\/api.w.org\/{rel}","templated":true}]}}