{"id":30658,"date":"2024-11-10T11:18:07","date_gmt":"2024-11-10T15:18:07","guid":{"rendered":"https:\/\/expressaoms.com.br\/?p=30658"},"modified":"2024-11-19T09:18:12","modified_gmt":"2024-11-19T13:18:12","slug":"sejuvel-realizara-aulao-novembro-azul-de-ritbox-na-feira-central-nesta-quarta-feira-dia-13","status":"publish","type":"post","link":"https:\/\/expressaoms.com.br\/index.php\/2024\/11\/10\/sejuvel-realizara-aulao-novembro-azul-de-ritbox-na-feira-central-nesta-quarta-feira-dia-13\/","title":{"rendered":"SEJUVEL realizar\u00e1 Aul\u00e3o Novembro Azul de ritbox na Feira Central nesta quarta-feira, dia 13"},"content":{"rendered":"<p data-raofz=\"16\">Em celebra\u00e7\u00e3o ao m\u00eas de conscientiza\u00e7\u00e3o sobre a sa\u00fade masculina, a Prefeitura de Tr\u00eas Lagoas, por meio da Secretaria Municipal de Esporte, Juventude e Lazer (SEJUVEL), convida todos os homens tr\u00eas-lagoenses para o \u201cAul\u00e3o Novembro Azul\u201d de ritbox. A atividade ser\u00e1 realizada no dia 13 de novembro, a partir das 18h, no estacionamento da Feira Central.<\/p>\n<p data-raofz=\"16\">Cuidar da Sa\u00fade tamb\u00e9m \u00e9 coisa de homem, com esse objetivo o evento gratuito busca incentivar a pr\u00e1tica de atividades f\u00edsicas e promover a import\u00e2ncia do cuidado masculino. O aul\u00e3o contar\u00e1 com uma programa\u00e7\u00e3o especial de aulas de ritbox conduzidas por um time de coaches da \u00e1rea, s\u00e3o eles: Fabiana Lima, Katiuscia Cunha, Criis Pereira, Jacke Marques, Ver\u00f4nica Fiorotto, F\u00e1bio Lima e Dayane Moraes.<\/p>\n<p data-raofz=\"16\">A professora e coach da SEJUVEL, Fabiana Lima explica que a aula ser\u00e1 com as alunas do Projeto que v\u00e3o trazer um convidado do sexo masculino, como marido, filho, irm\u00e3o, pai, vizinho, amigo e etc.<\/p>\n<p data-raofz=\"16\"><strong>SERVI\u00c7O<\/strong><\/p>\n<p data-raofz=\"16\"><strong>Aul\u00e3o Novembro Azul<\/strong><\/p>\n<p data-raofz=\"16\">Data: 13 de novembro<\/p>\n<p data-raofz=\"16\">Hor\u00e1rio: A partir das 18h<\/p>\n<p data-raofz=\"16\">Local: Estacionamento da Feira Central<\/p>\n<p data-raofz=\"16\">Endere\u00e7o: Avenida Ros\u00e1rio Congro s\/n \u2013 Centro<\/p>\n","protected":false},"excerpt":{"rendered":"<p>Em celebra\u00e7\u00e3o ao m\u00eas de conscientiza\u00e7\u00e3o sobre a sa\u00fade masculina, a Prefeitura de Tr\u00eas Lagoas, por meio da Secretaria Municipal de Esporte, Juventude e Lazer (SEJUVEL), convida todos os homens tr\u00eas-lagoenses para o \u201cAul\u00e3o Novembro Azul\u201d de ritbox. A atividade ser\u00e1 realizada no dia 13 de novembro, a partir das 18h, no estacionamento da Feira [&hellip;]<\/p>\n","protected":false},"author":2,"featured_media":30659,"comment_status":"open","ping_status":"open","sticky":false,"template":"","format":"standard","meta":{"om_disable_all_campaigns":false,"_monsterinsights_skip_tracking":false,"_monsterinsights_sitenote_active":false,"_monsterinsights_sitenote_note":"","_monsterinsights_sitenote_category":0,"footnotes":""},"categories":[34,36,48],"tags":[],"aioseo_notices":[],"_links":{"self":[{"href":"https:\/\/expressaoms.com.br\/index.php\/wp-json\/wp\/v2\/posts\/30658"}],"collection":[{"href":"https:\/\/expressaoms.com.br\/index.php\/wp-json\/wp\/v2\/posts"}],"about":[{"href":"https:\/\/expressaoms.com.br\/index.php\/wp-json\/wp\/v2\/types\/post"}],"author":[{"embeddable":true,"href":"https:\/\/expressaoms.com.br\/index.php\/wp-json\/wp\/v2\/users\/2"}],"replies":[{"embeddable":true,"href":"https:\/\/expressaoms.com.br\/index.php\/wp-json\/wp\/v2\/comments?post=30658"}],"version-history":[{"count":1,"href":"https:\/\/expressaoms.com.br\/index.php\/wp-json\/wp\/v2\/posts\/30658\/revisions"}],"predecessor-version":[{"id":30660,"href":"https:\/\/expressaoms.com.br\/index.php\/wp-json\/wp\/v2\/posts\/30658\/revisions\/30660"}],"wp:featuredmedia":[{"embeddable":true,"href":"https:\/\/expressaoms.com.br\/index.php\/wp-json\/wp\/v2\/media\/30659"}],"wp:attachment":[{"href":"https:\/\/expressaoms.com.br\/index.php\/wp-json\/wp\/v2\/media?parent=30658"}],"wp:term":[{"taxonomy":"category","embeddable":true,"href":"https:\/\/expressaoms.com.br\/index.php\/wp-json\/wp\/v2\/categories?post=30658"},{"taxonomy":"post_tag","embeddable":true,"href":"https:\/\/expressaoms.com.br\/index.php\/wp-json\/wp\/v2\/tags?post=30658"}],"curies":[{"name":"wp","href":"https:\/\/api.w.org\/{rel}","templated":true}]}}