{"id":30681,"date":"2024-11-12T07:03:53","date_gmt":"2024-11-12T11:03:53","guid":{"rendered":"https:\/\/expressaoms.com.br\/?p=30681"},"modified":"2024-11-12T07:03:53","modified_gmt":"2024-11-12T11:03:53","slug":"com-atletas-e-comissao-tecnica-composta-por-tres-lagoenses-selecao-de-basquete-feminina-sub-16-fica-em-4o-lugar-no-brasileiro","status":"publish","type":"post","link":"https:\/\/expressaoms.com.br\/index.php\/2024\/11\/12\/com-atletas-e-comissao-tecnica-composta-por-tres-lagoenses-selecao-de-basquete-feminina-sub-16-fica-em-4o-lugar-no-brasileiro\/","title":{"rendered":"Com atletas e comiss\u00e3o t\u00e9cnica composta por tr\u00eas-lagoenses, sele\u00e7\u00e3o de basquete feminina sub-16 fica em 4\u00ba lugar no Brasileiro"},"content":{"rendered":"<p data-raofz=\"16\">A Sele\u00e7\u00e3o Feminina de Basquete de Mato Grosso do Sul fica entre as melhores sele\u00e7\u00f5es do Brasil, equipe encerrou participa\u00e7\u00e3o com o 4\u00ba lugar no Campeonato Brasileiro de Sele\u00e7\u00f5es Estaduais Sub-16, promovido pela Confedera\u00e7\u00e3o Brasileira de Basketball (CBB), dos dias 04 a 10 de novembro.<\/p>\n<p data-raofz=\"16\">O time foi composto por quatro tr\u00eas-lagoenses, que representam o projeto da modalidade da Prefeitura de Tr\u00eas Lagoas, por meio da Secretaria Municipal de Esporte, Juventude e Lazer (SEJUVEL), o APAS SEJUVEL, s\u00e3o eles as atletas Heloisa Navas Sabino, Sara Concei\u00e7\u00e3o Da Silva e Joanna Acre e o professor Edilson Tavares da Silva (Dic\u00e3o), que integrou a comiss\u00e3o t\u00e9cnica, como auxiliar t\u00e9cnico da equipe.<\/p>\n<p data-raofz=\"16\">Na semifinal o time sul-mato-grossense, perdeu para o Estado do Paran\u00e1, futuro campe\u00e3o do torneio, no jogo da disputa do 3\u00ba lugar, em um jogo dif\u00edcil, o time de MS perdeu para as donas da casa, por uma diferen\u00e7a de apenas 07 pontos, final do jogo 50 a 57 para as meninas cariocas. O jogo da final foi entre Santa Catarina e Paran\u00e1, com vit\u00f3ria das meninas paranaenses por 56 a 39.<\/p>\n<p data-raofz=\"16\">O treinador da SEJUVEL, Dic\u00e3o ressalta o \u00f3timo resultado conquistado, \u201cNossa campanha foi excelente, ficamos entre os melhores do pa\u00eds, isso \u00e9 um orgulho e alegria muito grande, e demonstra a qualidade da nossa equipe, composta por 04 tr\u00eas-lagoense\u201d disse o treinador.<\/p>\n","protected":false},"excerpt":{"rendered":"<p>A Sele\u00e7\u00e3o Feminina de Basquete de Mato Grosso do Sul fica entre as melhores sele\u00e7\u00f5es do Brasil, equipe encerrou participa\u00e7\u00e3o com o 4\u00ba lugar no Campeonato Brasileiro de Sele\u00e7\u00f5es Estaduais Sub-16, promovido pela Confedera\u00e7\u00e3o Brasileira de Basketball (CBB), dos dias 04 a 10 de novembro. O time foi composto por quatro tr\u00eas-lagoenses, que representam o [&hellip;]<\/p>\n","protected":false},"author":2,"featured_media":30682,"comment_status":"open","ping_status":"open","sticky":false,"template":"","format":"standard","meta":{"om_disable_all_campaigns":false,"_monsterinsights_skip_tracking":false,"_monsterinsights_sitenote_active":false,"_monsterinsights_sitenote_note":"","_monsterinsights_sitenote_category":0,"footnotes":""},"categories":[34,36,48],"tags":[],"aioseo_notices":[],"_links":{"self":[{"href":"https:\/\/expressaoms.com.br\/index.php\/wp-json\/wp\/v2\/posts\/30681"}],"collection":[{"href":"https:\/\/expressaoms.com.br\/index.php\/wp-json\/wp\/v2\/posts"}],"about":[{"href":"https:\/\/expressaoms.com.br\/index.php\/wp-json\/wp\/v2\/types\/post"}],"author":[{"embeddable":true,"href":"https:\/\/expressaoms.com.br\/index.php\/wp-json\/wp\/v2\/users\/2"}],"replies":[{"embeddable":true,"href":"https:\/\/expressaoms.com.br\/index.php\/wp-json\/wp\/v2\/comments?post=30681"}],"version-history":[{"count":1,"href":"https:\/\/expressaoms.com.br\/index.php\/wp-json\/wp\/v2\/posts\/30681\/revisions"}],"predecessor-version":[{"id":30683,"href":"https:\/\/expressaoms.com.br\/index.php\/wp-json\/wp\/v2\/posts\/30681\/revisions\/30683"}],"wp:featuredmedia":[{"embeddable":true,"href":"https:\/\/expressaoms.com.br\/index.php\/wp-json\/wp\/v2\/media\/30682"}],"wp:attachment":[{"href":"https:\/\/expressaoms.com.br\/index.php\/wp-json\/wp\/v2\/media?parent=30681"}],"wp:term":[{"taxonomy":"category","embeddable":true,"href":"https:\/\/expressaoms.com.br\/index.php\/wp-json\/wp\/v2\/categories?post=30681"},{"taxonomy":"post_tag","embeddable":true,"href":"https:\/\/expressaoms.com.br\/index.php\/wp-json\/wp\/v2\/tags?post=30681"}],"curies":[{"name":"wp","href":"https:\/\/api.w.org\/{rel}","templated":true}]}}