{"id":30693,"date":"2024-11-12T22:39:15","date_gmt":"2024-11-13T02:39:15","guid":{"rendered":"https:\/\/expressaoms.com.br\/?p=30693"},"modified":"2024-11-12T22:41:00","modified_gmt":"2024-11-13T02:41:00","slug":"maior-bicheiro-do-brasil-chega-ao-presidio-federal-de-campo-grande","status":"publish","type":"post","link":"https:\/\/expressaoms.com.br\/index.php\/2024\/11\/12\/maior-bicheiro-do-brasil-chega-ao-presidio-federal-de-campo-grande\/","title":{"rendered":"Maior bicheiro do Brasil chega ao pres\u00eddio federal de Campo Grande"},"content":{"rendered":"<div id=\"chunk-4cffv\">\n<div class=\"mc-column content-text active-extra-styles \" data-block-type=\"unstyled\" data-block-weight=\"49\" data-block-id=\"2\">\n<p class=\" content-text__container \" data-track-category=\"Link no Texto\" data-track-links=\"\" data-mrf-recirculation=\"Artigo - Links Texto\">Sob forte esquema de seguran\u00e7a,\u00a0o contraventor Rog\u00e9rio de Andrade foi transferido do Rio de Janeiro para o pres\u00eddio federal de Campo Grande, na tarde desta ter\u00e7a-feira (12). O patrono da Mocidade Independente de Padre Miguel e maior bicheiro do Rio foi preso no final do m\u00eas passado.<\/p>\n<\/div>\n<\/div>\n<div class=\"wall protected-content\">\n<div id=\"chunk-c6dp5\">\n<div class=\"mc-column content-text active-extra-styles \" data-block-type=\"unstyled\" data-block-weight=\"52\" data-block-id=\"4\">\n<p class=\" content-text__container \" data-track-category=\"Link no Texto\" data-track-links=\"\" data-mrf-recirculation=\"Artigo - Links Texto\">Rog\u00e9rio Andrade chegou por volta das 15h25 (hor\u00e1rio local) ao Aeroporto Internacional de\u00a0Campo Grande\u00a0em um avi\u00e3o da Pol\u00edcia Federal. A transfer\u00eancia, feita pela Pol\u00edcia Penal Federal (PPF), foi determina\u00e7\u00e3o da 1\u00aa Vara Criminal do Tribunal de Justi\u00e7a do Rio. Ele chegou ao pres\u00eddio federal por volta das 15h56 (hor\u00e1rio local).<\/p>\n<\/div>\n<\/div>\n<div id=\"chunk-6r8uh\">\n<div class=\"content-ads content-ads--reveal\" data-block-type=\"ads\" data-block-id=\"5\">\u00a0Rog\u00e9rio foi preso no final do m\u00eas passado em uma opera\u00e7\u00e3o do Grupo de Atua\u00e7\u00e3o Especial de Combate ao Crime Organizado do Minist\u00e9rio P\u00fablico do Rio de Janeiro (Gaeco\/MPRJ). O contraventor \u00e9 acusado de ser o mandante da morte do rival Fernando de Miranda Iggn\u00e1cio, em 2020.<\/div>\n<\/div>\n<div id=\"chunk-7lh6c\">\n<div class=\"mc-column content-text active-extra-styles \" data-block-type=\"unstyled\" data-block-weight=\"24\" data-block-id=\"8\">\n<p class=\" content-text__container \" data-track-category=\"Link no Texto\" data-track-links=\"\" data-mrf-recirculation=\"Artigo - Links Texto\">Ao desembarcar em Campo Grande, Rog\u00e9rio seguiu para o Pres\u00eddio Penal Federal sob escolta policial feita por 4 viaturas da Pol\u00edcia Penal Federal.<\/p>\n<div id=\"chunk-2715s\">\n<div class=\"mc-column content-text active-extra-styles \" data-block-type=\"unstyled\" data-block-weight=\"45\" data-block-id=\"10\">\n<p class=\" content-text__container \" data-track-category=\"Link no Texto\" data-track-links=\"\" data-mrf-recirculation=\"Artigo - Links Texto\">A ida do contraventor para o pres\u00eddio federal foi confirmada na quarta-feira (6) pelo Tribunal de Justi\u00e7a do Rio (TJRJ), que vinha negociando a transfer\u00eancia com a Secretaria Nacional de Pol\u00edticas Penais (Senappen), ligada ao Minist\u00e9rio da Justi\u00e7a.\u00a0Ele ficar\u00e1 no Regime Disciplinar Diferenciado (RDD).<\/p>\n<p data-track-category=\"Link no Texto\" data-track-links=\"\" data-mrf-recirculation=\"Artigo - Links Texto\"><img fetchpriority=\"high\" decoding=\"async\" class=\"alignnone size-full wp-image-30697\" src=\"https:\/\/expressaoms.com.br\/wp-content\/uploads\/2024\/11\/bicho-2.jpg\" alt=\"\" width=\"979\" height=\"503\" srcset=\"https:\/\/expressaoms.com.br\/wp-content\/uploads\/2024\/11\/bicho-2.jpg 979w, https:\/\/expressaoms.com.br\/wp-content\/uploads\/2024\/11\/bicho-2-300x154.jpg 300w, https:\/\/expressaoms.com.br\/wp-content\/uploads\/2024\/11\/bicho-2-768x395.jpg 768w, https:\/\/expressaoms.com.br\/wp-content\/uploads\/2024\/11\/bicho-2-600x308.jpg 600w\" sizes=\"(max-width: 979px) 100vw, 979px\" \/><\/p>\n<\/div>\n<\/div>\n<div id=\"chunk-a4p3j\">\n<div class=\"content-ads content-ads--reveal\" data-block-type=\"ads\" data-block-id=\"11\">\n<div class=\"tag-manager-publicidade-container mc-has-reveal mc-has-ad-lazyload\" data-id=\"banner_materia__6e6f63cd-5c07-4f05-831e-bfcf3b35dddf\">O bicheiro deixou a Penitenci\u00e1ria de Seguran\u00e7a M\u00e1xima La\u00e9rcio Pellegrino (Bangu 1), no Complexo de Bangu, na Zona Oeste do Rio, no come\u00e7o da manh\u00e3. Ele foi levado algemado para base a\u00e9rea do Gale\u00e3o para embarcar para Campo Grande .<\/div>\n<\/div>\n<\/div>\n<div id=\"chunk-btnin\">\n<div class=\"mc-column content-text active-extra-styles \" data-block-type=\"unstyled\" data-block-weight=\"14\" data-block-id=\"14\">\n<p class=\" content-text__container \" data-track-category=\"Link no Texto\" data-track-links=\"\" data-mrf-recirculation=\"Artigo - Links Texto\">No Pres\u00eddio Federal de Campo Grande, Rog\u00e9rio Andrade dever\u00e1 conviver com outros presos como:<\/p>\n<\/div>\n<\/div>\n<div id=\"chunk-12abu\">\n<div class=\"mc-column content-text active-extra-styles\" data-block-type=\"raw\" data-block-weight=\"45\" data-block-id=\"15\">\n<ul class=\"content-unordered-list\">\n<li>Luiz Ant\u00f4nio da Silva Braga, o\u00a0<strong>Zinho<\/strong>, o mais temido miliciano do Rio;<\/li>\n<li>deputado federal\u00a0<strong>Chiquinho Braz\u00e3o<\/strong>, apontado como um dos mandantes do assassinato da vereadora do Rio Marielle Franco (PSOL);<\/li>\n<li>e M\u00e1rcio dos Santos Nepomuceno, o\u00a0<strong>Marcinho VP,<\/strong>\u00a0um dos chef\u00f5es do Comando Vermelho.<\/li>\n<\/ul>\n<p>Segundo decis\u00e3o do juiz Iamassaki Fiorentini, da 1\u00aa subse\u00e7\u00e3o judici\u00e1ria de Campo Grande, o bicheiro vai ficar preso por 1 ano no pres\u00eddio federal.<\/p>\n<\/div>\n<\/div>\n<\/div>\n<\/div>\n<\/div>\n<div class=\"tag-manager-publicidade-container mc-has-reveal mc-has-ad-lazyload\" data-id=\"banner_materia__6b7b015f-a3bb-4f1a-8b88-b216ee386ea7\"><\/div>\n<div data-id=\"banner_materia__6b7b015f-a3bb-4f1a-8b88-b216ee386ea7\"><\/div>\n<pre data-id=\"banner_materia__6b7b015f-a3bb-4f1a-8b88-b216ee386ea7\">Com G1<\/pre>\n<div class=\"wall protected-content\">\n<div id=\"chunk-7lh6c\">\n<div class=\"mc-column content-text active-extra-styles \" data-block-type=\"unstyled\" data-block-weight=\"24\" data-block-id=\"8\">\n<div id=\"chunk-9nltq\">\n<div class=\"row medium-uncollapsed content-media content-photo\" data-block-type=\"backstage-photo\" data-block-id=\"21\">\n<div class=\" mc-column content-media__container\">\n<div class=\"content-media-container glb-skeleton-box\"><\/div>\n<\/div>\n<\/div>\n<\/div>\n<\/div>\n<\/div>\n<\/div>\n","protected":false},"excerpt":{"rendered":"<p>Sob forte esquema de seguran\u00e7a,\u00a0o contraventor Rog\u00e9rio de Andrade foi transferido do Rio de Janeiro para o pres\u00eddio federal de Campo Grande, na tarde desta ter\u00e7a-feira (12). O patrono da Mocidade Independente de Padre Miguel e maior bicheiro do Rio foi preso no final do m\u00eas passado. Rog\u00e9rio Andrade chegou por volta das 15h25 (hor\u00e1rio [&hellip;]<\/p>\n","protected":false},"author":3,"featured_media":30694,"comment_status":"open","ping_status":"open","sticky":false,"template":"","format":"standard","meta":{"om_disable_all_campaigns":false,"_monsterinsights_skip_tracking":false,"_monsterinsights_sitenote_active":false,"_monsterinsights_sitenote_note":"","_monsterinsights_sitenote_category":0,"footnotes":""},"categories":[27,41],"tags":[],"aioseo_notices":[],"_links":{"self":[{"href":"https:\/\/expressaoms.com.br\/index.php\/wp-json\/wp\/v2\/posts\/30693"}],"collection":[{"href":"https:\/\/expressaoms.com.br\/index.php\/wp-json\/wp\/v2\/posts"}],"about":[{"href":"https:\/\/expressaoms.com.br\/index.php\/wp-json\/wp\/v2\/types\/post"}],"author":[{"embeddable":true,"href":"https:\/\/expressaoms.com.br\/index.php\/wp-json\/wp\/v2\/users\/3"}],"replies":[{"embeddable":true,"href":"https:\/\/expressaoms.com.br\/index.php\/wp-json\/wp\/v2\/comments?post=30693"}],"version-history":[{"count":3,"href":"https:\/\/expressaoms.com.br\/index.php\/wp-json\/wp\/v2\/posts\/30693\/revisions"}],"predecessor-version":[{"id":30698,"href":"https:\/\/expressaoms.com.br\/index.php\/wp-json\/wp\/v2\/posts\/30693\/revisions\/30698"}],"wp:featuredmedia":[{"embeddable":true,"href":"https:\/\/expressaoms.com.br\/index.php\/wp-json\/wp\/v2\/media\/30694"}],"wp:attachment":[{"href":"https:\/\/expressaoms.com.br\/index.php\/wp-json\/wp\/v2\/media?parent=30693"}],"wp:term":[{"taxonomy":"category","embeddable":true,"href":"https:\/\/expressaoms.com.br\/index.php\/wp-json\/wp\/v2\/categories?post=30693"},{"taxonomy":"post_tag","embeddable":true,"href":"https:\/\/expressaoms.com.br\/index.php\/wp-json\/wp\/v2\/tags?post=30693"}],"curies":[{"name":"wp","href":"https:\/\/api.w.org\/{rel}","templated":true}]}}