{"id":30702,"date":"2024-11-13T08:28:29","date_gmt":"2024-11-13T12:28:29","guid":{"rendered":"https:\/\/expressaoms.com.br\/?p=30702"},"modified":"2024-11-13T08:28:29","modified_gmt":"2024-11-13T12:28:29","slug":"inauguracao-das-luzes-natalinas-contara-com-apresentacoes-shows-e-praca-de-alimentacao","status":"publish","type":"post","link":"https:\/\/expressaoms.com.br\/index.php\/2024\/11\/13\/inauguracao-das-luzes-natalinas-contara-com-apresentacoes-shows-e-praca-de-alimentacao\/","title":{"rendered":"Inaugura\u00e7\u00e3o das luzes natalinas contar\u00e1 com apresenta\u00e7\u00f5es, shows e pra\u00e7a de alimenta\u00e7\u00e3o"},"content":{"rendered":"<p data-raofz=\"16\">A Diretoria de Cultura da Secretaria Municipal de Educa\u00e7\u00e3o e Cultura (SEMEC) anunciou que, nesta quinta-feira, 14 de novembro, na Esplana NOB, ocorrer\u00e1 a t\u00e3o aguardada inaugura\u00e7\u00e3o das luzes de Natal, um evento que \u00e9 esperado com grande entusiasmo pela popula\u00e7\u00e3o. A cerim\u00f4nia contar\u00e1 com uma programa\u00e7\u00e3o diversificada, incluindo apresenta\u00e7\u00f5es culturais, shows, barracas de artesanato e uma pra\u00e7a de alimenta\u00e7\u00e3o com diversas op\u00e7\u00f5es.<\/p>\n<p data-raofz=\"16\">A festividade seguir\u00e1 at\u00e9 o dia 16 de novembro, mas as luzes permanecer\u00e3o acesas at\u00e9 janeiro. Pensando no conforto do p\u00fablico, a organiza\u00e7\u00e3o preparou uma estrutura com tenda, garantindo que, em caso de chuva, todos possam aproveitar a celebra\u00e7\u00e3o sem preocupa\u00e7\u00f5es.<\/p>\n<p data-raofz=\"16\">Com o acender das luzes em diversos pontos da cidade, a \u201cCidade do Natal\u201d ser\u00e1 oficialmente aberta \u00e0 visita\u00e7\u00e3o, proporcionando um espet\u00e1culo para os visitantes.<\/p>\n","protected":false},"excerpt":{"rendered":"<p>A Diretoria de Cultura da Secretaria Municipal de Educa\u00e7\u00e3o e Cultura (SEMEC) anunciou que, nesta quinta-feira, 14 de novembro, na Esplana NOB, ocorrer\u00e1 a t\u00e3o aguardada inaugura\u00e7\u00e3o das luzes de Natal, um evento que \u00e9 esperado com grande entusiasmo pela popula\u00e7\u00e3o. A cerim\u00f4nia contar\u00e1 com uma programa\u00e7\u00e3o diversificada, incluindo apresenta\u00e7\u00f5es culturais, shows, barracas de artesanato [&hellip;]<\/p>\n","protected":false},"author":2,"featured_media":30703,"comment_status":"open","ping_status":"open","sticky":false,"template":"","format":"standard","meta":{"om_disable_all_campaigns":false,"_monsterinsights_skip_tracking":false,"_monsterinsights_sitenote_active":false,"_monsterinsights_sitenote_note":"","_monsterinsights_sitenote_category":0,"footnotes":""},"categories":[35,36,48],"tags":[],"aioseo_notices":[],"_links":{"self":[{"href":"https:\/\/expressaoms.com.br\/index.php\/wp-json\/wp\/v2\/posts\/30702"}],"collection":[{"href":"https:\/\/expressaoms.com.br\/index.php\/wp-json\/wp\/v2\/posts"}],"about":[{"href":"https:\/\/expressaoms.com.br\/index.php\/wp-json\/wp\/v2\/types\/post"}],"author":[{"embeddable":true,"href":"https:\/\/expressaoms.com.br\/index.php\/wp-json\/wp\/v2\/users\/2"}],"replies":[{"embeddable":true,"href":"https:\/\/expressaoms.com.br\/index.php\/wp-json\/wp\/v2\/comments?post=30702"}],"version-history":[{"count":1,"href":"https:\/\/expressaoms.com.br\/index.php\/wp-json\/wp\/v2\/posts\/30702\/revisions"}],"predecessor-version":[{"id":30704,"href":"https:\/\/expressaoms.com.br\/index.php\/wp-json\/wp\/v2\/posts\/30702\/revisions\/30704"}],"wp:featuredmedia":[{"embeddable":true,"href":"https:\/\/expressaoms.com.br\/index.php\/wp-json\/wp\/v2\/media\/30703"}],"wp:attachment":[{"href":"https:\/\/expressaoms.com.br\/index.php\/wp-json\/wp\/v2\/media?parent=30702"}],"wp:term":[{"taxonomy":"category","embeddable":true,"href":"https:\/\/expressaoms.com.br\/index.php\/wp-json\/wp\/v2\/categories?post=30702"},{"taxonomy":"post_tag","embeddable":true,"href":"https:\/\/expressaoms.com.br\/index.php\/wp-json\/wp\/v2\/tags?post=30702"}],"curies":[{"name":"wp","href":"https:\/\/api.w.org\/{rel}","templated":true}]}}