{"id":30705,"date":"2024-11-13T08:29:14","date_gmt":"2024-11-13T12:29:14","guid":{"rendered":"https:\/\/expressaoms.com.br\/?p=30705"},"modified":"2024-11-13T08:29:14","modified_gmt":"2024-11-13T12:29:14","slug":"prefeitura-de-tres-lagoas-inaugura-luzes-natalinas-nesta-quinta-feira-14","status":"publish","type":"post","link":"https:\/\/expressaoms.com.br\/index.php\/2024\/11\/13\/prefeitura-de-tres-lagoas-inaugura-luzes-natalinas-nesta-quinta-feira-14\/","title":{"rendered":"Prefeitura de Tr\u00eas Lagoas inaugura luzes natalinas nesta quinta-feira (14)"},"content":{"rendered":"<p data-raofz=\"16\">A Prefeitura de Tr\u00eas Lagoas dar\u00e1 in\u00edcio \u00e0s celebra\u00e7\u00f5es de Natal no dia 14 de novembro, com a inaugura\u00e7\u00e3o da tradicional Ilumina\u00e7\u00e3o de Natal, que embeleza a cidade durante o per\u00edodo festivo. Este ano, a decora\u00e7\u00e3o ser\u00e1 instalada em 20 pontos diferentes, criando um espet\u00e1culo visual que ficar\u00e1 exposto por 50 dias, trazendo ainda mais encanto \u00e0 cidade e atraindo tanto moradores quanto turistas.<\/p>\n<p data-raofz=\"16\">Al\u00e9m da ilumina\u00e7\u00e3o, a programa\u00e7\u00e3o natalina contar\u00e1 com uma s\u00e9rie de eventos culturais que visam resgatar o esp\u00edrito natalino. As atividades, promovidas pela Diretoria de Cultura, da Secretaria Municipal de Educa\u00e7\u00e3o e Cultura (SEMEC) incluem exposi\u00e7\u00f5es, apresenta\u00e7\u00f5es de teatro, dan\u00e7a, m\u00fasica e outras atra\u00e7\u00f5es para todas as idades. Veja a agenda completa abaixo:<\/p>\n<div class=\"wp-block-file\" data-wp-interactive=\"core\/file\" data-raofz=\"12\"><a id=\"wp-block-file--media-d45838b4-34de-440d-9731-323ca15ed08f\" role=\"link\" href=\"https:\/\/www.treslagoas.ms.gov.br\/wp-content\/uploads\/2024\/11\/PROGRAMACAO-ILUMINACAO-NATALINA-1.pdf\" data-raofz=\"12\">PROGRAMA\u00c7\u00c3O ILUMINA\u00c7\u00c3O NATALINA (1)<\/a><a class=\"wp-block-file__button wp-element-button\" role=\"link\" href=\"https:\/\/www.treslagoas.ms.gov.br\/wp-content\/uploads\/2024\/11\/PROGRAMACAO-ILUMINACAO-NATALINA-1.pdf\" download=\"\" aria-describedby=\"wp-block-file--media-d45838b4-34de-440d-9731-323ca15ed08f\" data-raofz=\"12\">Baixar<\/a><\/div>\n","protected":false},"excerpt":{"rendered":"<p>A Prefeitura de Tr\u00eas Lagoas dar\u00e1 in\u00edcio \u00e0s celebra\u00e7\u00f5es de Natal no dia 14 de novembro, com a inaugura\u00e7\u00e3o da tradicional Ilumina\u00e7\u00e3o de Natal, que embeleza a cidade durante o per\u00edodo festivo. Este ano, a decora\u00e7\u00e3o ser\u00e1 instalada em 20 pontos diferentes, criando um espet\u00e1culo visual que ficar\u00e1 exposto por 50 dias, trazendo ainda mais [&hellip;]<\/p>\n","protected":false},"author":2,"featured_media":30706,"comment_status":"open","ping_status":"open","sticky":false,"template":"","format":"standard","meta":{"om_disable_all_campaigns":false,"_monsterinsights_skip_tracking":false,"_monsterinsights_sitenote_active":false,"_monsterinsights_sitenote_note":"","_monsterinsights_sitenote_category":0,"footnotes":""},"categories":[36,48],"tags":[],"aioseo_notices":[],"_links":{"self":[{"href":"https:\/\/expressaoms.com.br\/index.php\/wp-json\/wp\/v2\/posts\/30705"}],"collection":[{"href":"https:\/\/expressaoms.com.br\/index.php\/wp-json\/wp\/v2\/posts"}],"about":[{"href":"https:\/\/expressaoms.com.br\/index.php\/wp-json\/wp\/v2\/types\/post"}],"author":[{"embeddable":true,"href":"https:\/\/expressaoms.com.br\/index.php\/wp-json\/wp\/v2\/users\/2"}],"replies":[{"embeddable":true,"href":"https:\/\/expressaoms.com.br\/index.php\/wp-json\/wp\/v2\/comments?post=30705"}],"version-history":[{"count":1,"href":"https:\/\/expressaoms.com.br\/index.php\/wp-json\/wp\/v2\/posts\/30705\/revisions"}],"predecessor-version":[{"id":30707,"href":"https:\/\/expressaoms.com.br\/index.php\/wp-json\/wp\/v2\/posts\/30705\/revisions\/30707"}],"wp:featuredmedia":[{"embeddable":true,"href":"https:\/\/expressaoms.com.br\/index.php\/wp-json\/wp\/v2\/media\/30706"}],"wp:attachment":[{"href":"https:\/\/expressaoms.com.br\/index.php\/wp-json\/wp\/v2\/media?parent=30705"}],"wp:term":[{"taxonomy":"category","embeddable":true,"href":"https:\/\/expressaoms.com.br\/index.php\/wp-json\/wp\/v2\/categories?post=30705"},{"taxonomy":"post_tag","embeddable":true,"href":"https:\/\/expressaoms.com.br\/index.php\/wp-json\/wp\/v2\/tags?post=30705"}],"curies":[{"name":"wp","href":"https:\/\/api.w.org\/{rel}","templated":true}]}}