{"id":30720,"date":"2024-11-13T14:00:56","date_gmt":"2024-11-13T18:00:56","guid":{"rendered":"https:\/\/expressaoms.com.br\/?p=30720"},"modified":"2024-11-13T14:00:56","modified_gmt":"2024-11-13T18:00:56","slug":"prf-inicia-operacao-proclamacao-da-republica-2024-nesta-quinta-feira","status":"publish","type":"post","link":"https:\/\/expressaoms.com.br\/index.php\/2024\/11\/13\/prf-inicia-operacao-proclamacao-da-republica-2024-nesta-quinta-feira\/","title":{"rendered":"PRF inicia Opera\u00e7\u00e3o Proclama\u00e7\u00e3o da Rep\u00fablica 2024 nesta quinta-feira"},"content":{"rendered":"<p dir=\"ltr\">A Pol\u00edcia Rodovi\u00e1ria Federal (PRF) ir\u00e1 iniciar, nesta quinta-feira (14), a Opera\u00e7\u00e3o Proclama\u00e7\u00e3o da Rep\u00fablica 2024 em Mato Grosso do Sul, seguindo at\u00e9 o domingo (17).<\/p>\n<p dir=\"ltr\">Em todo o estado, a PRF ir\u00e1 manter o refor\u00e7o de fiscaliza\u00e7\u00e3o, principalmente com foco em: alcoolemia ao volante, ultrapassagens indevidas e o n\u00e3o uso de dispositivos de seguran\u00e7a \u2013 cinto de seguran\u00e7a e transporte de crian\u00e7as em dispositivo pr\u00f3prio<\/p>\n<p dir=\"ltr\">No Mato Grosso do Sul, os policiais estar\u00e3o distribu\u00eddos em 9 Delegacias e 24 Unidades Operacionais da PRF e refor\u00e7ar\u00e3o a fiscaliza\u00e7\u00e3o nas rodovias federais do estado.<\/p>\n<h2 dir=\"ltr\">Restri\u00e7\u00e3o de tr\u00e1fego<\/h2>\n<p dir=\"ltr\">No Mato Grosso do Sul, haver\u00e1 restri\u00e7\u00e3o de tr\u00e1fego abrangendo apenas os trechos rodovi\u00e1rios de pista simples, para ve\u00edculos de carga com dimens\u00f5es ou pesos excedentes, nos dias:<\/p>\n<p dir=\"ltr\">14\/11\/2024 (quinta-feira), das 16:00 \u00e0s 22:00;<br \/>\n15\/11\/2024 (sexta-feira), das 06:00 \u00e0s 12:00;<br \/>\n17\/11\/2024 (domingo) das 16:00 \u00e0s 22:00.<\/p>\n","protected":false},"excerpt":{"rendered":"<p>A Pol\u00edcia Rodovi\u00e1ria Federal (PRF) ir\u00e1 iniciar, nesta quinta-feira (14), a Opera\u00e7\u00e3o Proclama\u00e7\u00e3o da Rep\u00fablica 2024 em Mato Grosso do Sul, seguindo at\u00e9 o domingo (17). Em todo o estado, a PRF ir\u00e1 manter o refor\u00e7o de fiscaliza\u00e7\u00e3o, principalmente com foco em: alcoolemia ao volante, ultrapassagens indevidas e o n\u00e3o uso de dispositivos de seguran\u00e7a [&hellip;]<\/p>\n","protected":false},"author":3,"featured_media":30721,"comment_status":"open","ping_status":"open","sticky":false,"template":"","format":"standard","meta":{"om_disable_all_campaigns":false,"_monsterinsights_skip_tracking":false,"_monsterinsights_sitenote_active":false,"_monsterinsights_sitenote_note":"","_monsterinsights_sitenote_category":0,"footnotes":""},"categories":[266,41],"tags":[],"aioseo_notices":[],"_links":{"self":[{"href":"https:\/\/expressaoms.com.br\/index.php\/wp-json\/wp\/v2\/posts\/30720"}],"collection":[{"href":"https:\/\/expressaoms.com.br\/index.php\/wp-json\/wp\/v2\/posts"}],"about":[{"href":"https:\/\/expressaoms.com.br\/index.php\/wp-json\/wp\/v2\/types\/post"}],"author":[{"embeddable":true,"href":"https:\/\/expressaoms.com.br\/index.php\/wp-json\/wp\/v2\/users\/3"}],"replies":[{"embeddable":true,"href":"https:\/\/expressaoms.com.br\/index.php\/wp-json\/wp\/v2\/comments?post=30720"}],"version-history":[{"count":1,"href":"https:\/\/expressaoms.com.br\/index.php\/wp-json\/wp\/v2\/posts\/30720\/revisions"}],"predecessor-version":[{"id":30722,"href":"https:\/\/expressaoms.com.br\/index.php\/wp-json\/wp\/v2\/posts\/30720\/revisions\/30722"}],"wp:featuredmedia":[{"embeddable":true,"href":"https:\/\/expressaoms.com.br\/index.php\/wp-json\/wp\/v2\/media\/30721"}],"wp:attachment":[{"href":"https:\/\/expressaoms.com.br\/index.php\/wp-json\/wp\/v2\/media?parent=30720"}],"wp:term":[{"taxonomy":"category","embeddable":true,"href":"https:\/\/expressaoms.com.br\/index.php\/wp-json\/wp\/v2\/categories?post=30720"},{"taxonomy":"post_tag","embeddable":true,"href":"https:\/\/expressaoms.com.br\/index.php\/wp-json\/wp\/v2\/tags?post=30720"}],"curies":[{"name":"wp","href":"https:\/\/api.w.org\/{rel}","templated":true}]}}