{"id":30729,"date":"2024-11-13T14:22:29","date_gmt":"2024-11-13T18:22:29","guid":{"rendered":"https:\/\/expressaoms.com.br\/?p=30729"},"modified":"2024-11-13T14:22:29","modified_gmt":"2024-11-13T18:22:29","slug":"mesa-diretora-reeleitos-destacam-dialogo-e-harmonia-na-reconducao-ao-novo-bienio-na-alms","status":"publish","type":"post","link":"https:\/\/expressaoms.com.br\/index.php\/2024\/11\/13\/mesa-diretora-reeleitos-destacam-dialogo-e-harmonia-na-reconducao-ao-novo-bienio-na-alms\/","title":{"rendered":"Mesa Diretora: Reeleitos destacam di\u00e1logo e harmonia na recondu\u00e7\u00e3o ao novo bi\u00eanio na ALMS"},"content":{"rendered":"<p><strong><ins>Durante a sess\u00e3o ordin\u00e1ria desta quarta-feira (13), os deputados integrantes da atual Mesa Diretora da Assembleia Legislativa de Mato Grosso do Sul (ALEMS), foram reconduzidos ao pr\u00f3ximo bi\u00eanio (2025-2026), por unanimidade a chapa \u00fanica Democracia Viva<\/ins>.<\/strong> Reeleitos o presidente Gerson Claro (PP), o 1\u00ba secret\u00e1rio, deputado Paulo Corr\u00eaa (PSDB) e Pedro Kemp (PT), 2\u00ba secret\u00e1rio. O deputado Renato C\u00e2mara (MDB) \u00e9 o 1\u00aa vice-presidente, Z\u00e9 Teixeira (PSDB) o 2\u00aa vice-presidente, e a deputada Mara Caseiro (PSDB) \u00e9 a 3\u00aa vice-presidente. O 3\u00ba secret\u00e1rio \u00e9 o deputado Lucas de Lima (Sem partido).<\/p>\n<p>O presidente reeleito da ALEMS, deputado Gerson Claro (PP), reiterou em seu discurso, o enfrentamento de desafios. \u201cEste Parlamento foi espa\u00e7o de debate, de di\u00e1logo franco, acima de tudo, de constru\u00e7\u00e3o coletiva, a busca de consenso, o respeito a diferen\u00e7as, onde cada um dos senhores deputados contribuiu com a sua for\u00e7a e dedica\u00e7\u00e3o. Agrade\u00e7o aqui a todos que trilharam comigo esta caminhada, um agradecimento especial e minha fam\u00edlia, aos meus filhos, a minha esposa K\u00e1tia Claro, aos colaboradores do gabinete, a todos os servidores da Assembleia Legislativa. Tamb\u00e9m \u00e0 imprensa que com contribui\u00e7\u00f5es e cr\u00edticas, ajudaram a moldar e fortalecer o trabalho da mesa diretora, e a imagem desse Poder Legislativo\u201d, afirmou.<\/p>\n<p>\u201cNosso compromisso com a democracia permanece inabal\u00e1vel. Continuaremos a garantir o contradit\u00f3rio e a liberdade de express\u00e3o, que sejam respeitados e promovidos nesta casa, sempre dentro dos princ\u00edpios do nosso regimento interno e com o objetivo de representar as diversas vozes e perspectivas de Mato Grosso do Sul. Nestes pr\u00f3ximos dois anos, avan\u00e7aremos na busca por solu\u00e7\u00f5es para quest\u00f5es que afetam diretamente a vida de cada cidad\u00e3o. Temos o dever de avan\u00e7ar em pol\u00edticas p\u00fablicas que fa\u00e7am a diferen\u00e7a na vida das pessoas, colocando os interesses do Estado e o bem-estar coletivo acima das diferen\u00e7as ideol\u00f3gicas&#8221;, destacou Gerson Claro.<\/p>\n<blockquote><p>&#8220;Nossa prioridade \u00e9 clara: desenvolvimento, emprego, justi\u00e7a social, diminui\u00e7\u00e3o de desigualdade, sustentabilidade.Tenham certeza que voc\u00eas t\u00eam nesse presidente e nesta Mesa Diretora o compromisso de fazer tudo que tiver ao alcance da administra\u00e7\u00e3o para que voc\u00eas possam ter um mandato prof\u00edcuo e que possa atender a expectativa do cidad\u00e3o sul-mato-grossense. Pol\u00edtica s\u00e9ria e pol\u00edtica com responsabilidade faz diferen\u00e7a na vida das pessoas e \u00e9 isso que eu tenho certeza que \u00e9 o sonho, desejo, e o compromisso desse Poder Legislativo. Muito obrigada, que Deus possa aben\u00e7oar esses pr\u00f3ximos dois anos\u201d, desejou o presidente reeleito, dirigindo-se aos parlamentares.<\/p><\/blockquote>\n<p>O deputado e 1\u00ba secret\u00e1rio da ALEMS, Paulo Corr\u00eaa (PSDB) tamb\u00e9m agradeceu o consenso em torno da elei\u00e7\u00e3o. \u201cQueria agradecer muito a todos os senhores deputados que votaram pela continuidade da nossa chapa. E em especial que me d\u00e3o honra de continuar na 1\u00aa secretaria desta Assembleia Legislativa. \u00c9 muito honroso esse papel, \u00e9 o segundo cargo mais importante da Casa. O PSDB com muito orgulho ocupa esse cargo em meu nome, quero agradecer primeiro \u00e0 bancada do PSDB, e a todos os senhores e senhoras deputados. Muito obrigada pela confian\u00e7a, vou honrar cada voto que recebi aqui&#8221;, ressaltou.<\/p>\n<blockquote><p>\u201cAgrade\u00e7o em especial ao deputado Coronel David\u00a0<em>[PL]<\/em>\u00a0que, num momento de entendimento, soube recuar para que a gente pudesse fazer o consenso. E agrade\u00e7o a articula\u00e7\u00e3o do presidente Gerson Claro, junto ao decano Londres Machado\u00a0<em>[PP],<\/em>\u00a0para eleger uma mesa de consenso, que \u00e9 uma coisa dif\u00edcil de acontecer, os 24 votos, unanimidade para todos os membros \u00e9 uma vit\u00f3ria para a Assembleia Legislativa de Mato Grosso do Sul, para o Estado de Mato Grosso do Sul, vou honrar cada voto que tive hoje e queria desabafar, eu s\u00f3 tenho cara feia, mas meu cora\u00e7\u00e3o \u00e9 grande\u201d, ressaltou o deputo e 1\u00ba secret\u00e1rio da ALEMS reeleito, Paulo Corr\u00eaa.<\/p><\/blockquote>\n<p>O vice-presidente reeleito, deputado Renato C\u00e2mara (MDB), destacou a import\u00e2ncia do debate para o Parlamento. \u201cAqui n\u00f3s temos um retrato da popula\u00e7\u00e3o sul-mato-grossense, ter esse entendimento do debate, saber at\u00e9 onde voc\u00ea pode ir, at\u00e9 onde voc\u00ea precisa atuar \u00e9 muito importante, porque voc\u00ea mantem uma harmonia de conv\u00edvio, de debate salutar, produtivo, e faz com que as pautas avancem, porque quando voc\u00ea tem uma diverg\u00eancia instranspon\u00edvel, os projetos acabam ficando parados e quem perde com isso \u00e9 Mato Grosso do Sul\u201d, concluiu.<\/p>\n<p>A deputada Mara Caseiro (PSDB), \u00fanica mulher a integrar a Mesa Diretora, no cargo de 3\u00aa vice-presidente. \u201cEstar novamente participando da Mesa Diretora, juntamente com o Gerson<em>\u00a0[Gerson Claro]<\/em>\u00a0e o Paulo\u00a0<em>[Paulo Corr\u00eaa].<\/em> O Gerson tem sido um grande l\u00edder que democratizou, abriu a Assembleia Legislativa, dando oportunidade para n\u00f3s, deputados, melhorarmos o nosso mandato, as audi\u00eancias p\u00fablicas, ouvindo as pessoas, e o que ficou muito claro \u00e9, que, independente das diferen\u00e7as ideol\u00f3gicas, a Assembleia foi um grande exemplo democr\u00e1tico, aprovando essa chapa por unanimidade\u201d, considerou.<\/p>\n<p>\u201cEstamos no caminho certo, nesses dois anos percebemos um ambiente favor\u00e1vel para receber o cidad\u00e3o, e, levando tamb\u00e9m ao cidad\u00e3o todas as informa\u00e7\u00f5es que como funciona o Poder Legislativo. Eu acredito que contribuiu para esse resultado de unanimidade da vota\u00e7\u00e3o de hoje, que \u00e9 a primeira vez que acontece. \u00c9 continuar trabalhando, melhorando cada dia mais, ouvindo as pessoas, e trazendo as propostas que trazem a forma\u00e7\u00e3o das vidas das pessoas dos munic\u00edpios. Me sinto bastante representativa em fun\u00e7\u00e3o de ser a \u00fanica mulher da Mesa Diretora. Tamb\u00e9m destaco o trabalho das deputadas estaduais que trabalham e a import\u00e2ncia da democracia dentro da Casa, garantindo o direito de homens e mulheres trabalharem e de uma sociedade mais justa e que n\u00e3o se discrimina\u201d, definiu a 3\u00aa vice-presidente da Casa de Leis, Mara Caseiro.<\/p>\n","protected":false},"excerpt":{"rendered":"<p>Durante a sess\u00e3o ordin\u00e1ria desta quarta-feira (13), os deputados integrantes da atual Mesa Diretora da Assembleia Legislativa de Mato Grosso do Sul (ALEMS), foram reconduzidos ao pr\u00f3ximo bi\u00eanio (2025-2026), por unanimidade a chapa \u00fanica Democracia Viva. Reeleitos o presidente Gerson Claro (PP), o 1\u00ba secret\u00e1rio, deputado Paulo Corr\u00eaa (PSDB) e Pedro Kemp (PT), 2\u00ba secret\u00e1rio. [&hellip;]<\/p>\n","protected":false},"author":3,"featured_media":30730,"comment_status":"open","ping_status":"open","sticky":false,"template":"","format":"standard","meta":{"om_disable_all_campaigns":false,"_monsterinsights_skip_tracking":false,"_monsterinsights_sitenote_active":false,"_monsterinsights_sitenote_note":"","_monsterinsights_sitenote_category":0,"footnotes":""},"categories":[266,42],"tags":[],"aioseo_notices":[],"_links":{"self":[{"href":"https:\/\/expressaoms.com.br\/index.php\/wp-json\/wp\/v2\/posts\/30729"}],"collection":[{"href":"https:\/\/expressaoms.com.br\/index.php\/wp-json\/wp\/v2\/posts"}],"about":[{"href":"https:\/\/expressaoms.com.br\/index.php\/wp-json\/wp\/v2\/types\/post"}],"author":[{"embeddable":true,"href":"https:\/\/expressaoms.com.br\/index.php\/wp-json\/wp\/v2\/users\/3"}],"replies":[{"embeddable":true,"href":"https:\/\/expressaoms.com.br\/index.php\/wp-json\/wp\/v2\/comments?post=30729"}],"version-history":[{"count":1,"href":"https:\/\/expressaoms.com.br\/index.php\/wp-json\/wp\/v2\/posts\/30729\/revisions"}],"predecessor-version":[{"id":30731,"href":"https:\/\/expressaoms.com.br\/index.php\/wp-json\/wp\/v2\/posts\/30729\/revisions\/30731"}],"wp:featuredmedia":[{"embeddable":true,"href":"https:\/\/expressaoms.com.br\/index.php\/wp-json\/wp\/v2\/media\/30730"}],"wp:attachment":[{"href":"https:\/\/expressaoms.com.br\/index.php\/wp-json\/wp\/v2\/media?parent=30729"}],"wp:term":[{"taxonomy":"category","embeddable":true,"href":"https:\/\/expressaoms.com.br\/index.php\/wp-json\/wp\/v2\/categories?post=30729"},{"taxonomy":"post_tag","embeddable":true,"href":"https:\/\/expressaoms.com.br\/index.php\/wp-json\/wp\/v2\/tags?post=30729"}],"curies":[{"name":"wp","href":"https:\/\/api.w.org\/{rel}","templated":true}]}}