{"id":30746,"date":"2024-11-13T18:16:44","date_gmt":"2024-11-13T22:16:44","guid":{"rendered":"https:\/\/expressaoms.com.br\/?p=30746"},"modified":"2024-11-13T18:16:44","modified_gmt":"2024-11-13T22:16:44","slug":"campo-grande-realiza-conferencia-municipal-sobre-emergencia-climatica","status":"publish","type":"post","link":"https:\/\/expressaoms.com.br\/index.php\/2024\/11\/13\/campo-grande-realiza-conferencia-municipal-sobre-emergencia-climatica\/","title":{"rendered":"Campo Grande realiza Confer\u00eancia Municipal sobre Emerg\u00eancia Clim\u00e1tica"},"content":{"rendered":"<p>A Prefeitura de Campo Grande, por meio da Ag\u00eancia Municipal de Meio Ambiente e Planejamento Urbano (Planurb), convocou a 5\u00aa Confer\u00eancia Municipal do Meio Ambiente por meio do Decreto n\u00ba 16.081, de 12 de novembro de 2024, publicado nesta quarta-feira (12) no Di\u00e1rio Oficial de Campo Grande.<\/p>\n<p>Prevista para ocorrer em 12 de dezembro, a Confer\u00eancia representa uma etapa essencial da 5\u00aa Confer\u00eancia Nacional do Meio Ambiente (CNMA), visando incentivar a ampla participa\u00e7\u00e3o popular na constru\u00e7\u00e3o de propostas para enfrentar os desafios clim\u00e1ticos e eleger delegados que representar\u00e3o o munic\u00edpio na etapa estadual.<\/p>\n<p>\u201cCampo Grande tem avan\u00e7ado nos \u00faltimos anos na quest\u00e3o do enfrentamento \u00e0s mudan\u00e7as clim\u00e1ticas e sabemos da import\u00e2ncia de buscarmos uma transi\u00e7\u00e3o para um modelo sustent\u00e1vel. A confer\u00eancia municipal \u00e9 o momento fundamental para que de toda sociedade campo-grandense possa debater o futuro da nossa cidade e se envolver ativamente nas decis\u00f5es que impactam o meio ambiente\u201d, afirma a Diretora-Presidente da Planurb, Berenice Maria Jacob Domingues.<\/p>\n<p>Nos pr\u00f3ximos dias, mais detalhes sobre a etapa municipal ser\u00e3o divulgados, incluindo orienta\u00e7\u00f5es para participa\u00e7\u00e3o, local do evento e programa\u00e7\u00e3o. As informa\u00e7\u00f5es estar\u00e3o dispon\u00edveis no site da Planurb (<a href=\"https:\/\/www.campogrande.ms.gov.br\/planurb\/\">www.campogrande.ms.gov.br\/planurb<\/a>).<\/p>\n<p>A mobiliza\u00e7\u00e3o para as confer\u00eancias municipais conta com o apoio do governo federal e de entidades representativas dos munic\u00edpios, que comp\u00f5em a Comiss\u00e3o Organizadora da 5\u00aa CNMA, como a Associa\u00e7\u00e3o Nacional de \u00d3rg\u00e3os Municipais de Meio Ambiente (Anamma), a Confedera\u00e7\u00e3o Nacional de Munic\u00edpios (CNM) e a Frente Nacional dos Prefeitos (FNP).<\/p>\n<p>\u201cA participa\u00e7\u00e3o dos munic\u00edpios nas confer\u00eancias do meio ambiente \u00e9 de extrema import\u00e2ncia por diversas raz\u00f5es. Primeiramente, os munic\u00edpios est\u00e3o mais pr\u00f3ximos da popula\u00e7\u00e3o e, portanto, t\u00eam uma compreens\u00e3o mais aprofundada das realidades locais e das necessidades espec\u00edficas de suas comunidades. Essa proximidade permite que as a\u00e7\u00f5es e pol\u00edticas ambientais sejam implementadas de forma mais eficaz\u201d, explica Marina Silva, Ministra do Meio Ambiente e Mudan\u00e7a do Clima.<\/p>\n<p><strong>Sobre a Confer\u00eancia<\/strong><\/p>\n<p>Durante as confer\u00eancias municipais, os participantes poder\u00e3o apresentar propostas para mitigar os efeitos da emerg\u00eancia clim\u00e1tica, contribuindo com os cinco eixos definidos pela 5\u00aa Confer\u00eancia Nacional do Meio Ambiente: mitiga\u00e7\u00e3o; adapta\u00e7\u00e3o e prepara\u00e7\u00e3o para desastres; justi\u00e7a clim\u00e1tica; transforma\u00e7\u00e3o ecol\u00f3gica; e governan\u00e7a e educa\u00e7\u00e3o ambiental.<\/p>\n<p>Qualquer pessoa brasileira com mais de 16 anos pode participar e votar nos delegados. Cada munic\u00edpio poder\u00e1 propor at\u00e9 dez sugest\u00f5es, sendo duas para cada um dos eixos tem\u00e1ticos. As propostas priorizadas ser\u00e3o encaminhadas \u00e0 Comiss\u00e3o Organizadora Estadual e inclu\u00eddas no Caderno de Propostas, que ser\u00e1 debatido nas Confer\u00eancias Estaduais.<\/p>\n<h2><strong>Benef\u00edcios para os Munic\u00edpios<\/strong><\/h2>\n<p>A participa\u00e7\u00e3o nas confer\u00eancias municipais de meio ambiente traz diversos benef\u00edcios para as cidades brasileiras. Entre eles, destaca-se o acesso a conhecimento e inova\u00e7\u00e3o, com oportunidades para que gestores e t\u00e9cnicos municipais adquiram novas habilidades e conhecimentos em gest\u00e3o ambiental.<\/p>\n<p>As confer\u00eancias tamb\u00e9m fortalecem a governan\u00e7a ambiental local, promovendo a constru\u00e7\u00e3o de pol\u00edticas p\u00fablicas mais integradas, ao reunir governo, sociedade civil e setor privado em um esfor\u00e7o colaborativo. Al\u00e9m disso, os munic\u00edpios que participam t\u00eam a oportunidade de influenciar pol\u00edticas ambientais em n\u00edveis estadual e nacional, ampliando o alcance das ideias e solu\u00e7\u00f5es propostas localmente para um impacto em escala maior.<\/p>\n","protected":false},"excerpt":{"rendered":"<p>A Prefeitura de Campo Grande, por meio da Ag\u00eancia Municipal de Meio Ambiente e Planejamento Urbano (Planurb), convocou a 5\u00aa Confer\u00eancia Municipal do Meio Ambiente por meio do Decreto n\u00ba 16.081, de 12 de novembro de 2024, publicado nesta quarta-feira (12) no Di\u00e1rio Oficial de Campo Grande. Prevista para ocorrer em 12 de dezembro, a [&hellip;]<\/p>\n","protected":false},"author":3,"featured_media":30748,"comment_status":"open","ping_status":"open","sticky":false,"template":"","format":"standard","meta":{"om_disable_all_campaigns":false,"_monsterinsights_skip_tracking":false,"_monsterinsights_sitenote_active":false,"_monsterinsights_sitenote_note":"","_monsterinsights_sitenote_category":0,"footnotes":""},"categories":[27],"tags":[],"aioseo_notices":[],"_links":{"self":[{"href":"https:\/\/expressaoms.com.br\/index.php\/wp-json\/wp\/v2\/posts\/30746"}],"collection":[{"href":"https:\/\/expressaoms.com.br\/index.php\/wp-json\/wp\/v2\/posts"}],"about":[{"href":"https:\/\/expressaoms.com.br\/index.php\/wp-json\/wp\/v2\/types\/post"}],"author":[{"embeddable":true,"href":"https:\/\/expressaoms.com.br\/index.php\/wp-json\/wp\/v2\/users\/3"}],"replies":[{"embeddable":true,"href":"https:\/\/expressaoms.com.br\/index.php\/wp-json\/wp\/v2\/comments?post=30746"}],"version-history":[{"count":1,"href":"https:\/\/expressaoms.com.br\/index.php\/wp-json\/wp\/v2\/posts\/30746\/revisions"}],"predecessor-version":[{"id":30749,"href":"https:\/\/expressaoms.com.br\/index.php\/wp-json\/wp\/v2\/posts\/30746\/revisions\/30749"}],"wp:featuredmedia":[{"embeddable":true,"href":"https:\/\/expressaoms.com.br\/index.php\/wp-json\/wp\/v2\/media\/30748"}],"wp:attachment":[{"href":"https:\/\/expressaoms.com.br\/index.php\/wp-json\/wp\/v2\/media?parent=30746"}],"wp:term":[{"taxonomy":"category","embeddable":true,"href":"https:\/\/expressaoms.com.br\/index.php\/wp-json\/wp\/v2\/categories?post=30746"},{"taxonomy":"post_tag","embeddable":true,"href":"https:\/\/expressaoms.com.br\/index.php\/wp-json\/wp\/v2\/tags?post=30746"}],"curies":[{"name":"wp","href":"https:\/\/api.w.org\/{rel}","templated":true}]}}