{"id":30750,"date":"2024-11-13T18:30:10","date_gmt":"2024-11-13T22:30:10","guid":{"rendered":"https:\/\/expressaoms.com.br\/?p=30750"},"modified":"2024-11-13T18:30:10","modified_gmt":"2024-11-13T22:30:10","slug":"parceria-vai-viabilizar-a-casa-propria-para-341-familias-de-campo-grande-e-corumba","status":"publish","type":"post","link":"https:\/\/expressaoms.com.br\/index.php\/2024\/11\/13\/parceria-vai-viabilizar-a-casa-propria-para-341-familias-de-campo-grande-e-corumba\/","title":{"rendered":"Parceria vai viabilizar a casa pr\u00f3pria para 341 fam\u00edlias de Campo Grande e Corumb\u00e1"},"content":{"rendered":"<p>A parceria do Governo do Estado com a Uni\u00e3o e munic\u00edpios vai realizar o sonho da casa pr\u00f3pria de 341 fam\u00edlias de Campo Grande e Corumb\u00e1. As novas moradias ser\u00e3o viabilizadas por meio do FAR (Fundo de Arrendamento Residencial), que faz parte do Programa Minha Casa, Minha Vida.<\/p>\n<p>As assinaturas para constru\u00e7\u00e3o das moradias ocorreram nesta quarta-feira (13) no Gabinete do Receptivo do Governo do Estado. As fam\u00edlias que ser\u00e3o atendidas fazem parte da Faixa 1, com renda at\u00e9 R$ 2.850,00, al\u00e9m de atender uma s\u00e9rie de requisitos previstos pelo Governo Federal. As inscri\u00e7\u00f5es s\u00e3o feitas na Agehab (Ag\u00eancia de Habita\u00e7\u00e3o Popular do Estado de MS) e nos munic\u00edpios.<\/p>\n<p>\u201cMuito feliz de fazer parte deste ato, habita\u00e7\u00e3o \u00e9 muito importante ao Estado, \u00e9 uma das demandas mais pedidas pela popula\u00e7\u00e3o, \u00e9 nossa prioridade. Esta a\u00e7\u00e3o em conjunto do Estado, munic\u00edpios e Uni\u00e3o tamb\u00e9m \u00e9 fundamental. Do nosso lado faremos nossa parte com contrapartida e investimentos em infraestrutura\u201d, afirmou o governador.<\/p>\n<p>Depois das assinaturas, Riedel pediu celeridade e qualidade na constru\u00e7\u00e3o das novas habita\u00e7\u00f5es. \u201cSempre digo que o povo tem pressa, a casa pr\u00f3pria \u00e9 um sonho que ser\u00e1 realizado. Temos que agradecer esta parceria que deu certo\u201d.<\/p>\n<p><img fetchpriority=\"high\" decoding=\"async\" class=\"alignnone size-full wp-image-30752\" src=\"https:\/\/expressaoms.com.br\/wp-content\/uploads\/2024\/11\/Ato-de-assinatura-de-contrato-PMCMV-FAR-Campo-Grande-e-Corumba-Foto-Bruno-Rezende-06-scaled-1.jpg\" alt=\"\" width=\"1920\" height=\"1280\" srcset=\"https:\/\/expressaoms.com.br\/wp-content\/uploads\/2024\/11\/Ato-de-assinatura-de-contrato-PMCMV-FAR-Campo-Grande-e-Corumba-Foto-Bruno-Rezende-06-scaled-1.jpg 1920w, https:\/\/expressaoms.com.br\/wp-content\/uploads\/2024\/11\/Ato-de-assinatura-de-contrato-PMCMV-FAR-Campo-Grande-e-Corumba-Foto-Bruno-Rezende-06-scaled-1-300x200.jpg 300w, https:\/\/expressaoms.com.br\/wp-content\/uploads\/2024\/11\/Ato-de-assinatura-de-contrato-PMCMV-FAR-Campo-Grande-e-Corumba-Foto-Bruno-Rezende-06-scaled-1-1024x683.jpg 1024w, https:\/\/expressaoms.com.br\/wp-content\/uploads\/2024\/11\/Ato-de-assinatura-de-contrato-PMCMV-FAR-Campo-Grande-e-Corumba-Foto-Bruno-Rezende-06-scaled-1-768x512.jpg 768w, https:\/\/expressaoms.com.br\/wp-content\/uploads\/2024\/11\/Ato-de-assinatura-de-contrato-PMCMV-FAR-Campo-Grande-e-Corumba-Foto-Bruno-Rezende-06-scaled-1-1536x1024.jpg 1536w, https:\/\/expressaoms.com.br\/wp-content\/uploads\/2024\/11\/Ato-de-assinatura-de-contrato-PMCMV-FAR-Campo-Grande-e-Corumba-Foto-Bruno-Rezende-06-scaled-1-600x400.jpg 600w\" sizes=\"(max-width: 1920px) 100vw, 1920px\" \/><\/p>\n<p>Para Corumb\u00e1 foram assinados dois contratos. O primeiro prev\u00ea 125 moradias no Residencial dos Ip\u00eas I, que ter\u00e1 investimento de R$ 24,4 milh\u00f5es, sendo R$ 16,2 milh\u00f5es da Uni\u00e3o e R$ 6,6 (milh\u00f5es) de contrapartida do Governo do Mato Grosso do Sul. A Agesul (Ag\u00eancia Estadual de Gest\u00e3o de Empreendimentos) ainda far\u00e1 a pavimenta\u00e7\u00e3o e drenagem do local.<\/p>\n<p>A cidade ainda recebe mais 56 moradias no Residencial dos Ip\u00eas II, com investimento de R$ 9,7 milh\u00f5es do Minist\u00e9rio das Cidades, al\u00e9m de R$ 2,4 milh\u00f5es do Governo do Estado (contrapartida) e tamb\u00e9m conta com a drenagem e pavimenta\u00e7\u00e3o da Agesul (R$ 10,3 milh\u00f5es).<\/p>\n<p>\u201cMomento muito bom para cidade. Corumb\u00e1 tem um d\u00e9ficit muito grande de moradia, por isto esta iniciativa vai ajudar os corumbaenses que precisam de habita\u00e7\u00e3o. S\u00e3o 181 casas que v\u00e3o contemplar fam\u00edlias de baixa renda\u201d, afirmou o prefeito de Corumb\u00e1, Marcelo Iunes.<\/p>\n<p><img decoding=\"async\" class=\"alignnone size-full wp-image-30753\" src=\"https:\/\/expressaoms.com.br\/wp-content\/uploads\/2024\/11\/Ato-de-assinatura-de-contrato-PMCMV-FAR-Campo-Grande-e-Corumba-Foto-Bruno-Rezende-04-scaled-1.jpg\" alt=\"\" width=\"1920\" height=\"1280\" srcset=\"https:\/\/expressaoms.com.br\/wp-content\/uploads\/2024\/11\/Ato-de-assinatura-de-contrato-PMCMV-FAR-Campo-Grande-e-Corumba-Foto-Bruno-Rezende-04-scaled-1.jpg 1920w, https:\/\/expressaoms.com.br\/wp-content\/uploads\/2024\/11\/Ato-de-assinatura-de-contrato-PMCMV-FAR-Campo-Grande-e-Corumba-Foto-Bruno-Rezende-04-scaled-1-300x200.jpg 300w, https:\/\/expressaoms.com.br\/wp-content\/uploads\/2024\/11\/Ato-de-assinatura-de-contrato-PMCMV-FAR-Campo-Grande-e-Corumba-Foto-Bruno-Rezende-04-scaled-1-1024x683.jpg 1024w, https:\/\/expressaoms.com.br\/wp-content\/uploads\/2024\/11\/Ato-de-assinatura-de-contrato-PMCMV-FAR-Campo-Grande-e-Corumba-Foto-Bruno-Rezende-04-scaled-1-768x512.jpg 768w, https:\/\/expressaoms.com.br\/wp-content\/uploads\/2024\/11\/Ato-de-assinatura-de-contrato-PMCMV-FAR-Campo-Grande-e-Corumba-Foto-Bruno-Rezende-04-scaled-1-1536x1024.jpg 1536w, https:\/\/expressaoms.com.br\/wp-content\/uploads\/2024\/11\/Ato-de-assinatura-de-contrato-PMCMV-FAR-Campo-Grande-e-Corumba-Foto-Bruno-Rezende-04-scaled-1-600x400.jpg 600w\" sizes=\"(max-width: 1920px) 100vw, 1920px\" \/><\/p>\n<p>J\u00e1 em Campo Grande esta parceria de sucesso vai viabilizar 160 casas no Residencial Nova Bahia, com investimento de R$ 30,4 milh\u00f5es, sendo R$ 3,1 milh\u00f5es do Governo do Estado. A prefeitura far\u00e1 doa\u00e7\u00e3o do terreno para execu\u00e7\u00e3o das obras. J\u00e1 Agehab ir\u00e1 oferecer todo apoio t\u00e9cnico e institucional.<\/p>\n<p>A prefeita Adriane Lopes citou que o avan\u00e7o do setor habitacional em Campo Grande conta com este trabalho integrado. \u201cAssim fazemos melhores entregas \u00e0 popula\u00e7\u00e3o, atendendo fam\u00edlias que precisam de novas moradias. Espero que esta parceria continue para os pr\u00f3ximos anos, pois transforma vidas e abre novas oportunidades a estas fam\u00edlias\u201d.<\/p>\n<p>Para diretora-presidente da Agehab, Maria do Carmo Avesani, o apoio de todos os entes envolvidos fez a diferen\u00e7a para conquista das casas. \u201cAlgo que \u00e9 muito precioso para as fam\u00edlias de baixa renda, esta uni\u00e3o permite que todos consigam realizar o sonho da casa pr\u00f3pria. S\u00e3o empreendimentos que v\u00e3o ser entregues com toda estrutura necess\u00e1ria, sempre contando com apoio do Governo do Estado\u201d.<\/p>\n","protected":false},"excerpt":{"rendered":"<p>A parceria do Governo do Estado com a Uni\u00e3o e munic\u00edpios vai realizar o sonho da casa pr\u00f3pria de 341 fam\u00edlias de Campo Grande e Corumb\u00e1. As novas moradias ser\u00e3o viabilizadas por meio do FAR (Fundo de Arrendamento Residencial), que faz parte do Programa Minha Casa, Minha Vida. As assinaturas para constru\u00e7\u00e3o das moradias ocorreram [&hellip;]<\/p>\n","protected":false},"author":3,"featured_media":30751,"comment_status":"open","ping_status":"open","sticky":false,"template":"","format":"standard","meta":{"om_disable_all_campaigns":false,"_monsterinsights_skip_tracking":false,"_monsterinsights_sitenote_active":false,"_monsterinsights_sitenote_note":"","_monsterinsights_sitenote_category":0,"footnotes":""},"categories":[27],"tags":[],"aioseo_notices":[],"_links":{"self":[{"href":"https:\/\/expressaoms.com.br\/index.php\/wp-json\/wp\/v2\/posts\/30750"}],"collection":[{"href":"https:\/\/expressaoms.com.br\/index.php\/wp-json\/wp\/v2\/posts"}],"about":[{"href":"https:\/\/expressaoms.com.br\/index.php\/wp-json\/wp\/v2\/types\/post"}],"author":[{"embeddable":true,"href":"https:\/\/expressaoms.com.br\/index.php\/wp-json\/wp\/v2\/users\/3"}],"replies":[{"embeddable":true,"href":"https:\/\/expressaoms.com.br\/index.php\/wp-json\/wp\/v2\/comments?post=30750"}],"version-history":[{"count":1,"href":"https:\/\/expressaoms.com.br\/index.php\/wp-json\/wp\/v2\/posts\/30750\/revisions"}],"predecessor-version":[{"id":30754,"href":"https:\/\/expressaoms.com.br\/index.php\/wp-json\/wp\/v2\/posts\/30750\/revisions\/30754"}],"wp:featuredmedia":[{"embeddable":true,"href":"https:\/\/expressaoms.com.br\/index.php\/wp-json\/wp\/v2\/media\/30751"}],"wp:attachment":[{"href":"https:\/\/expressaoms.com.br\/index.php\/wp-json\/wp\/v2\/media?parent=30750"}],"wp:term":[{"taxonomy":"category","embeddable":true,"href":"https:\/\/expressaoms.com.br\/index.php\/wp-json\/wp\/v2\/categories?post=30750"},{"taxonomy":"post_tag","embeddable":true,"href":"https:\/\/expressaoms.com.br\/index.php\/wp-json\/wp\/v2\/tags?post=30750"}],"curies":[{"name":"wp","href":"https:\/\/api.w.org\/{rel}","templated":true}]}}