{"id":30787,"date":"2024-11-18T10:18:59","date_gmt":"2024-11-18T14:18:59","guid":{"rendered":"https:\/\/expressaoms.com.br\/?p=30787"},"modified":"2024-11-18T10:18:59","modified_gmt":"2024-11-18T14:18:59","slug":"em-forum-entre-brasil-e-indonesia-empresa-confirma-construcao-de-nova-fabrica-de-celulose-em-ms","status":"publish","type":"post","link":"https:\/\/expressaoms.com.br\/index.php\/2024\/11\/18\/em-forum-entre-brasil-e-indonesia-empresa-confirma-construcao-de-nova-fabrica-de-celulose-em-ms\/","title":{"rendered":"Em f\u00f3rum entre Brasil e Indon\u00e9sia, empresa confirma constru\u00e7\u00e3o de nova f\u00e1brica de celulose em MS"},"content":{"rendered":"<p>O Governo de Mato Grosso do Sul participou neste domingo (17) do F\u00f3rum Empresarial entre Brasil e Indon\u00e9sia, no Rio de Janeiro. O evento que \u00e9 paralelo ao G20, foi mais uma oportunidade ao Estado para viabilizar grandes investimentos privados. Uma das reuni\u00f5es foi com a Bracell, que confirmou e alinhou os pr\u00f3ximos passos para constru\u00e7\u00e3o de uma f\u00e1brica de celulose em \u00c1gua Clara.<\/p>\n<p>A empresa pretende investir US$ 4 bilh\u00f5es (d\u00f3lares) na unidade em Mato Grosso do Sul. J\u00e1 foi iniciado o processo de licenciamento ambiental, com estudo previsto para ficar pronto at\u00e9 fevereiro do ano que vem, sendo mais um empreendimento no setor dentro do Estado.<\/p>\n<p>A unidade ter\u00e1 capacidade produtiva de 2,8 milh\u00f5es de toneladas de celulose, em uma \u00e1rea localizada a 15 quil\u00f4metros do per\u00edmetro urbano da cidade. A perspectiva \u00e9 de gerar 10 mil empregos nas obras e 3 mil na opera\u00e7\u00e3o.<\/p>\n<p>\u201cParticipamos do F\u00f3rum empresarial indon\u00e9sia e Brasil, onde tivemos uma rodada de neg\u00f3cios com empres\u00e1rios dos dois pa\u00edses. O motivo principal da nossa vinda \u00e9 para nos reunirmos com a Bracell, que \u00e9 uma e empresa do grupo RGE, da indon\u00e9sia, que discute uma planta industrial no Estado\u201d, afirmou o governador Eduardo Riedel.<\/p>\n<p>Riedel destacou que estes novos investimentos da Bracell no Estado v\u00e3o gerar empregos e melhorar a renda dos cidad\u00e3os. \u201c Foi uma reuni\u00e3o muito produtiva, que conseguimos alinhar uma s\u00e9rie de pontos espec\u00edficos. Ainda prestigiamos este F\u00f3rum de Neg\u00f3cios, que \u00e9 mais uma oportunidade para buscar novos investimentos ao Estado\u201d, completou o governador.<\/p>\n<p>O evento ocorreu no Copacabana Palace, tendo a presen\u00e7a do CEO da Bracell, Anderson Tanoto, al\u00e9m do presidente da Rep\u00fablica da Indon\u00e9sia, Prabowo Subianto e empres\u00e1rios dos dois pa\u00edses. Da comitiva do Mato Grosso do Sul, tamb\u00e9m estiveram presentes os secret\u00e1rios Jaime Verruck da Semadesc (Secretaria de Meio Ambiente, Desenvolvimento, Ci\u00eancia, Tecnologia e Inova\u00e7\u00e3o) e Rodrigo Perez da Segov (Secretaria Estadual de Governo e Gest\u00e3o Estrat\u00e9gica).<\/p>\n<p>Verruck destaca que a nova f\u00e1brica de celulose no Estado, mostra a for\u00e7a do Mato Grosso do Sul no setor. \u201cO governador aproveitou a oportunidade para apresentar toda a estrutura em termos de licenciamento ambiental, pol\u00edtica de incentivos fiscais e investimentos em log\u00edstica, que \u00e9 importante para estas empresas. Inclusive citou o leil\u00e3o das rodovias que fazem parte da Rota da Celulose, que vai ocorrer em 6 de dezembro na Bolsa de Valores\u201d.<\/p>\n<p>Sobre a Bracell, o secret\u00e1rio citou que a empresa j\u00e1 tem investimentos importantes no Estado. \u201cEla tem sua base de plantio em \u00c1gua Clara, que j\u00e1 est\u00e1 se expandindo para Santa Rita do Pardo e Bataguassu. Come\u00e7ou no Estado h\u00e1 cinco anos, tem mais de dois mil empregos aqui e inaugurou recentemente um viveiro com mais de 250 mulheres contratadas\u201d.<\/p>\n<p>Mato Grosso do Sul j\u00e1 \u00e9 reconhecido nacionalmente como o \u201cVale da Celulose\u201d, tendo 24% da produ\u00e7\u00e3o nacional. O Estado j\u00e1 disp\u00f5e da segunda maior \u00e1rea cultivada de eucalipto e o primeiro na produ\u00e7\u00e3o de madeira em tora para papel e celulose. Tamb\u00e9m \u00e9 vice-l\u00edder em \u00e1rea plantada com \u00e1rvores, ficando atr\u00e1s apenas de Minas Gerais.<\/p>\n<p>A cadeia produtiva florestal em MS gera mais de 14,9 mil empregos diretos e 12 mil indiretos. conta com quatro f\u00e1bricas de celulose em opera\u00e7\u00e3o, j\u00e1 tendo anunciado a quinta (Arauco) e confirmada a sexta (Bracell). Este cen\u00e1rio \u00e9 fruto de um ambiente positivo de neg\u00f3cios constru\u00eddo pelo Governo do Mato Grosso do Sul.<\/p>\n<h2><strong>Discuss\u00e3o e novos neg\u00f3cios<\/strong><\/h2>\n<p>O F\u00f3rum Empresarial entre Brasil e Indon\u00e9sia, realizado no Rio de Janeiro, foi mais uma oportunidade para troca de informa\u00e7\u00f5es entre autoridades e empres\u00e1rios dos dois pa\u00edses, que desejam investir em diferentes setores.<\/p>\n<p>O encontro tamb\u00e9m discutiu temas centrais que est\u00e3o na pauta do mundo, como colabora\u00e7\u00e3o estrat\u00e9gica nas \u00e1reas de seguran\u00e7a alimentar, seguran\u00e7a energ\u00e9tica, seguran\u00e7a sanit\u00e1ria e desenvolvimento sustent\u00e1vel, onde ambos os pa\u00edses possuem pontos fortes complementares.<\/p>\n<p>O governador Eduardo Riedel destacou no evento que Mato Grosso do Sul tem se posicionado de forma estrat\u00e9gica sobre estes temas globais, com investimentos robustos em infraestrutura, assim como incentivando a produ\u00e7\u00e3o sustent\u00e1vel, atraindo inclusive investimentos que v\u00eam da Indon\u00e9sia.<\/p>\n<p>\u201cA Indon\u00e9sia tem aparecido no nosso Estado, como a Bracell que tem investimentos importantes, naquele que vem a ser uma das grande fronteiras de investimentos na \u00e1rea de celulose, j\u00e1 chegando a 1,6 milh\u00e3o de hectares de florestas plantadas. Nossa parte \u00e9 criar cada vez mais um ambiente de neg\u00f3cios favor\u00e1veis para que empresas destes segmentos e outros possam investir\u201d.<\/p>\n","protected":false},"excerpt":{"rendered":"<p>O Governo de Mato Grosso do Sul participou neste domingo (17) do F\u00f3rum Empresarial entre Brasil e Indon\u00e9sia, no Rio de Janeiro. O evento que \u00e9 paralelo ao G20, foi mais uma oportunidade ao Estado para viabilizar grandes investimentos privados. Uma das reuni\u00f5es foi com a Bracell, que confirmou e alinhou os pr\u00f3ximos passos para [&hellip;]<\/p>\n","protected":false},"author":3,"featured_media":30788,"comment_status":"open","ping_status":"open","sticky":false,"template":"","format":"standard","meta":{"om_disable_all_campaigns":false,"_monsterinsights_skip_tracking":false,"_monsterinsights_sitenote_active":false,"_monsterinsights_sitenote_note":"","_monsterinsights_sitenote_category":0,"footnotes":""},"categories":[31,266,42],"tags":[],"aioseo_notices":[],"_links":{"self":[{"href":"https:\/\/expressaoms.com.br\/index.php\/wp-json\/wp\/v2\/posts\/30787"}],"collection":[{"href":"https:\/\/expressaoms.com.br\/index.php\/wp-json\/wp\/v2\/posts"}],"about":[{"href":"https:\/\/expressaoms.com.br\/index.php\/wp-json\/wp\/v2\/types\/post"}],"author":[{"embeddable":true,"href":"https:\/\/expressaoms.com.br\/index.php\/wp-json\/wp\/v2\/users\/3"}],"replies":[{"embeddable":true,"href":"https:\/\/expressaoms.com.br\/index.php\/wp-json\/wp\/v2\/comments?post=30787"}],"version-history":[{"count":1,"href":"https:\/\/expressaoms.com.br\/index.php\/wp-json\/wp\/v2\/posts\/30787\/revisions"}],"predecessor-version":[{"id":30789,"href":"https:\/\/expressaoms.com.br\/index.php\/wp-json\/wp\/v2\/posts\/30787\/revisions\/30789"}],"wp:featuredmedia":[{"embeddable":true,"href":"https:\/\/expressaoms.com.br\/index.php\/wp-json\/wp\/v2\/media\/30788"}],"wp:attachment":[{"href":"https:\/\/expressaoms.com.br\/index.php\/wp-json\/wp\/v2\/media?parent=30787"}],"wp:term":[{"taxonomy":"category","embeddable":true,"href":"https:\/\/expressaoms.com.br\/index.php\/wp-json\/wp\/v2\/categories?post=30787"},{"taxonomy":"post_tag","embeddable":true,"href":"https:\/\/expressaoms.com.br\/index.php\/wp-json\/wp\/v2\/tags?post=30787"}],"curies":[{"name":"wp","href":"https:\/\/api.w.org\/{rel}","templated":true}]}}