{"id":30790,"date":"2024-11-18T11:09:14","date_gmt":"2024-11-18T15:09:14","guid":{"rendered":"https:\/\/expressaoms.com.br\/?p=30790"},"modified":"2024-11-18T11:09:14","modified_gmt":"2024-11-18T15:09:14","slug":"federacao-de-futebol-tem-ate-4-de-dezembro-para-eleger-substituto-de-francisco-cezario","status":"publish","type":"post","link":"https:\/\/expressaoms.com.br\/index.php\/2024\/11\/18\/federacao-de-futebol-tem-ate-4-de-dezembro-para-eleger-substituto-de-francisco-cezario\/","title":{"rendered":"Federa\u00e7\u00e3o de futebol tem at\u00e9 4 de dezembro para eleger substituto de Francisco Cez\u00e1rio"},"content":{"rendered":"<p>A Federa\u00e7\u00e3o de Futebol de Mato Grosso do Sul tem at\u00e9 4 de dezembro para realizar a elei\u00e7\u00e3o do novo presidente que ir\u00e1 substituir Francisco Cez\u00e1rio de Oliveira, 78 anos, no comando da entidade. O prazo foi definido pelo Tribunal de Justi\u00e7a Desportiva do Estado em julgamento realizado na \u00faltima quinta-feira (14), em Campo Grande.<\/p>\n<p>O presidente interino da FFMS, Estev\u00e3o Petrall\u00e1s, havia deliberado que a elei\u00e7\u00e3o seria realizada ap\u00f3s o Campeonato Estadual da S\u00e9rie A de 2025, conforme publica\u00e7\u00e3o no site da entidade na v\u00e9spera do julgamento. O pleno do TJD, por\u00e9m, definiu que a decis\u00e3o n\u00e3o tem validade jur\u00eddica e a corte foi un\u00e2nime ao estabelecer o prazo de 20 dias para o pleito.<\/p>\n<p>Sete candidatos foram aprovados pela Comiss\u00e3o Eleitoral da FFMS para disputarem a cadeira da presid\u00eancia: Am\u00e9rico Ferreira (ligado ao Novo); Andr\u00e9 Baird (presidente do Costa Rica); Cl\u00e1udio Barbosa (presidente do Comercial); Estev\u00e3o Petrall\u00e1s (presidente interino da FFMS); Marcos Ara\u00fajo (presidente do Dourados); Paulo Telles (ex-presidente do Cene); e Toni Vieira (ex-presidente do Oper\u00e1rio).<\/p>\n<p>Inicialmente, a elei\u00e7\u00e3o estava marcada para ocorrer em 1\u00ba de novembro, mas foi suspensa pelo presidente do TJD-MS, Marcelo Hon\u00f3rio, em 29 de outubro, quando concedeu mandado de garantia apresentado pelo ex-presidente do Cene e candidato a presidente da FFMS, Paulo S\u00e9rgio Telles. O dirigente alega irregularidades no cumprimento dos prazos para a elei\u00e7\u00e3o.<\/p>\n<p>A indefini\u00e7\u00e3o sobre o novo presidente da Federa\u00e7\u00e3o de Futebol de MS come\u00e7ou ap\u00f3s assembleia extraordin\u00e1ria destituir Francisco Cez\u00e1rio de Oliveira do cargo, em 14 de outubro, ap\u00f3s 28 anos no comando da entidade. A derrocada do dirigente teve in\u00edcio com a Opera\u00e7\u00e3o Cart\u00e3o Vermelho e a den\u00fancia pelo desvio de R$ 10 milh\u00f5es da FFMS e pelos crimes de corrup\u00e7\u00e3o e organiza\u00e7\u00e3o criminosa.<\/p>\n<p>O mandato de Francisco Cez\u00e1rio iria at\u00e9 2027, quando completar\u00e1 81 anos. Seriam mais de tr\u00eas d\u00e9cadas no comando da federa\u00e7\u00e3o de futebol.<\/p>\n<p>&nbsp;<\/p>\n<pre>Com O Jacar\u00e9<\/pre>\n","protected":false},"excerpt":{"rendered":"<p>A Federa\u00e7\u00e3o de Futebol de Mato Grosso do Sul tem at\u00e9 4 de dezembro para realizar a elei\u00e7\u00e3o do novo presidente que ir\u00e1 substituir Francisco Cez\u00e1rio de Oliveira, 78 anos, no comando da entidade. O prazo foi definido pelo Tribunal de Justi\u00e7a Desportiva do Estado em julgamento realizado na \u00faltima quinta-feira (14), em Campo Grande. [&hellip;]<\/p>\n","protected":false},"author":3,"featured_media":30791,"comment_status":"open","ping_status":"open","sticky":false,"template":"","format":"standard","meta":{"om_disable_all_campaigns":false,"_monsterinsights_skip_tracking":false,"_monsterinsights_sitenote_active":false,"_monsterinsights_sitenote_note":"","_monsterinsights_sitenote_category":0,"footnotes":""},"categories":[34,42],"tags":[],"aioseo_notices":[],"_links":{"self":[{"href":"https:\/\/expressaoms.com.br\/index.php\/wp-json\/wp\/v2\/posts\/30790"}],"collection":[{"href":"https:\/\/expressaoms.com.br\/index.php\/wp-json\/wp\/v2\/posts"}],"about":[{"href":"https:\/\/expressaoms.com.br\/index.php\/wp-json\/wp\/v2\/types\/post"}],"author":[{"embeddable":true,"href":"https:\/\/expressaoms.com.br\/index.php\/wp-json\/wp\/v2\/users\/3"}],"replies":[{"embeddable":true,"href":"https:\/\/expressaoms.com.br\/index.php\/wp-json\/wp\/v2\/comments?post=30790"}],"version-history":[{"count":1,"href":"https:\/\/expressaoms.com.br\/index.php\/wp-json\/wp\/v2\/posts\/30790\/revisions"}],"predecessor-version":[{"id":30792,"href":"https:\/\/expressaoms.com.br\/index.php\/wp-json\/wp\/v2\/posts\/30790\/revisions\/30792"}],"wp:featuredmedia":[{"embeddable":true,"href":"https:\/\/expressaoms.com.br\/index.php\/wp-json\/wp\/v2\/media\/30791"}],"wp:attachment":[{"href":"https:\/\/expressaoms.com.br\/index.php\/wp-json\/wp\/v2\/media?parent=30790"}],"wp:term":[{"taxonomy":"category","embeddable":true,"href":"https:\/\/expressaoms.com.br\/index.php\/wp-json\/wp\/v2\/categories?post=30790"},{"taxonomy":"post_tag","embeddable":true,"href":"https:\/\/expressaoms.com.br\/index.php\/wp-json\/wp\/v2\/tags?post=30790"}],"curies":[{"name":"wp","href":"https:\/\/api.w.org\/{rel}","templated":true}]}}