{"id":30797,"date":"2024-11-18T11:41:10","date_gmt":"2024-11-18T15:41:10","guid":{"rendered":"https:\/\/expressaoms.com.br\/?p=30797"},"modified":"2024-11-18T11:41:10","modified_gmt":"2024-11-18T15:41:10","slug":"medalha-coronel-pm-adib-massad-sera-entregue-em-sessao-solene-nesta-terca-feira","status":"publish","type":"post","link":"https:\/\/expressaoms.com.br\/index.php\/2024\/11\/18\/medalha-coronel-pm-adib-massad-sera-entregue-em-sessao-solene-nesta-terca-feira\/","title":{"rendered":"Medalha Coronel PM Adib Massad ser\u00e1 entregue em sess\u00e3o solene nesta ter\u00e7a-feira"},"content":{"rendered":"<p>Servir e proteger. Todos os anos, a Assembleia Legislativa de Mato Grosso do Sul (ALEMS) realiza sess\u00e3o solene em homenagem aqueles que arriscam a vida para manter a popula\u00e7\u00e3o segura. Nesta ter\u00e7a-feira (19), \u00e0s 19h, o Plen\u00e1rio Deputado J\u00falio Maia ser\u00e1 palco da solenidade para entrega do Diploma de M\u00e9rito e\u00a0da Medalha Coronel PM Adib Massad.<\/p>\n<p>As honrarias foram\u00a0institu\u00eddas pela\u00a0<a href=\"http:\/\/diariooficial.al.ms.gov.br\/DiarioOficial\/DownloadPdf?q=5S3HuY9MG5g=\" target=\"_blank\" rel=\"noopener\"><ins>Resolu\u00e7\u00e3o 31<\/ins>\u00a0de\u00a0<ins>2017<\/ins><\/a>, de autoria do\u00a0deputado Coronel David (PL), e visam\u00a0reconhecer a atua\u00e7\u00e3o de pessoas ou entidades que tenham prestado relevantes servi\u00e7os \u00e0 Seguran\u00e7a P\u00fablica\u00a0de Mato Grosso do Sul.<\/p>\n<p>Conhecido por sua atua\u00e7\u00e3o na fronteira de Mato Grosso do Sul, Coronel Adib Massad nasceu em 22 de abril de 1929. Ele iniciou a carreira policial em 1953, quando ingressou na Pol\u00edcia Militar de Mato Grosso. Tr\u00eas anos depois, tornou-se delegado em C\u00e1ceres. Tamb\u00e9m atuou em\u00a0Poxor\u00e9u, Rondon\u00f3polis, Dom Aquino, Jardim, Parana\u00edba e Porto Murtinho.<\/p>\n<p>Adib esteve no comando do antigo Grupo de Opera\u00e7\u00f5es de Fronteira (GOF), hoje Departamento de Opera\u00e7\u00f5es de Fronteira (DOF), em Dourados, na d\u00e9cada de 1990. Nesse per\u00edodo, ganhou notoriedade por sua atua\u00e7\u00e3o no combate ao crime organizado.\u00a0Coronel Adib faleceu no dia 3 de mar\u00e7o de 2021, aos 91 anos.<\/p>\n<p>A solenidade ser\u00e1 aberta ao p\u00fablico e poder\u00e1 ser acompanhada presencialmente ou pela transmiss\u00e3o ao vivo pelas m\u00eddias sociais\u00a0<ins><a href=\"https:\/\/www.facebook.com\/assembleiams\" target=\"_blank\" rel=\"noopener\">Facebook<\/a><\/ins>,\u00a0<ins><a href=\"https:\/\/www.instagram.com\/assembleiams\/\" target=\"_blank\" rel=\"noopener\">Instagram<\/a><\/ins>,\u00a0<ins><a href=\"https:\/\/twitter.com\/assembleia_ms\" target=\"_blank\" rel=\"noopener\">Twitter<\/a><\/ins>\u00a0e\u00a0<ins><a href=\"https:\/\/www.youtube.com\/c\/AssembleiaLegislativadeMS?app=desktop%C2%A0\" target=\"_blank\" rel=\"noopener\">Youtube<\/a><\/ins>\u00a0e no\u00a0<a href=\"https:\/\/al.ms.gov.br\/\" target=\"_blank\" rel=\"noopener\">Portal da ALEMS<\/a>. Confira tamb\u00e9m pela TV Assembleia MS nos canais 7.2 e 9 da Claro NET TV, e ainda no\u00a0link\u00a0<a href=\"https:\/\/al.ms.gov.br\/TvAssembleia\" target=\"_blank\" rel=\"noopener\">TV ALEMS<\/a>.\u00a0O sinal aberto da R\u00e1dio ALEMS est\u00e1\u00a0na FM 105.5, ou no link\u00a0<a href=\"https:\/\/al.ms.gov.br\/RadioAssembleia\/Audios?idMenu=601\" target=\"_blank\" rel=\"noopener\">R\u00e1dio ALEMS<\/a>.<\/p>\n<p>A Assembleia Legislativa est\u00e1 localizada na Avenida Desembargador Jos\u00e9 Nunes da Cunha, Jardim Veraneio, Parque dos Poderes, Bloco 9, em Campo Grande.<\/p>\n","protected":false},"excerpt":{"rendered":"<p>Servir e proteger. Todos os anos, a Assembleia Legislativa de Mato Grosso do Sul (ALEMS) realiza sess\u00e3o solene em homenagem aqueles que arriscam a vida para manter a popula\u00e7\u00e3o segura. Nesta ter\u00e7a-feira (19), \u00e0s 19h, o Plen\u00e1rio Deputado J\u00falio Maia ser\u00e1 palco da solenidade para entrega do Diploma de M\u00e9rito e\u00a0da Medalha Coronel PM Adib [&hellip;]<\/p>\n","protected":false},"author":3,"featured_media":30798,"comment_status":"open","ping_status":"open","sticky":false,"template":"","format":"standard","meta":{"om_disable_all_campaigns":false,"_monsterinsights_skip_tracking":false,"_monsterinsights_sitenote_active":false,"_monsterinsights_sitenote_note":"","_monsterinsights_sitenote_category":0,"footnotes":""},"categories":[266,42],"tags":[],"aioseo_notices":[],"_links":{"self":[{"href":"https:\/\/expressaoms.com.br\/index.php\/wp-json\/wp\/v2\/posts\/30797"}],"collection":[{"href":"https:\/\/expressaoms.com.br\/index.php\/wp-json\/wp\/v2\/posts"}],"about":[{"href":"https:\/\/expressaoms.com.br\/index.php\/wp-json\/wp\/v2\/types\/post"}],"author":[{"embeddable":true,"href":"https:\/\/expressaoms.com.br\/index.php\/wp-json\/wp\/v2\/users\/3"}],"replies":[{"embeddable":true,"href":"https:\/\/expressaoms.com.br\/index.php\/wp-json\/wp\/v2\/comments?post=30797"}],"version-history":[{"count":1,"href":"https:\/\/expressaoms.com.br\/index.php\/wp-json\/wp\/v2\/posts\/30797\/revisions"}],"predecessor-version":[{"id":30799,"href":"https:\/\/expressaoms.com.br\/index.php\/wp-json\/wp\/v2\/posts\/30797\/revisions\/30799"}],"wp:featuredmedia":[{"embeddable":true,"href":"https:\/\/expressaoms.com.br\/index.php\/wp-json\/wp\/v2\/media\/30798"}],"wp:attachment":[{"href":"https:\/\/expressaoms.com.br\/index.php\/wp-json\/wp\/v2\/media?parent=30797"}],"wp:term":[{"taxonomy":"category","embeddable":true,"href":"https:\/\/expressaoms.com.br\/index.php\/wp-json\/wp\/v2\/categories?post=30797"},{"taxonomy":"post_tag","embeddable":true,"href":"https:\/\/expressaoms.com.br\/index.php\/wp-json\/wp\/v2\/tags?post=30797"}],"curies":[{"name":"wp","href":"https:\/\/api.w.org\/{rel}","templated":true}]}}