{"id":30847,"date":"2024-11-21T07:52:15","date_gmt":"2024-11-21T11:52:15","guid":{"rendered":"https:\/\/expressaoms.com.br\/?p=30847"},"modified":"2024-11-21T07:52:15","modified_gmt":"2024-11-21T11:52:15","slug":"homenagem-upa-de-tres-lagoas-recebe-o-nome-do-medico-e-ex-prefeito-issam-fares","status":"publish","type":"post","link":"https:\/\/expressaoms.com.br\/index.php\/2024\/11\/21\/homenagem-upa-de-tres-lagoas-recebe-o-nome-do-medico-e-ex-prefeito-issam-fares\/","title":{"rendered":"HOMENAGEM \u2013 UPA de Tr\u00eas Lagoas recebe o nome do m\u00e9dico e ex-prefeito Issam Fares"},"content":{"rendered":"<p data-raofz=\"16\">Por meio do Decreto n\u00ba 985\/2024, assinado pelo prefeito de Tr\u00eas Lagoas, Angelo Guerreiro, a Unidade de Pronto Atendimento (UPA), passa a ser denominada, a partir de agora, \u201cUnidade de Pronto Atendimento \u2013 Issam Fares\u201d, em homenagem ao ex-prefeito e m\u00e9dico que deixou um legado de servi\u00e7os relevantes prestados ao munic\u00edpio.<\/p>\n<p data-raofz=\"16\">De acordo com o decreto, a renomea\u00e7\u00e3o da UPA reflete o compromisso do Poder P\u00fablico em prestar uma homenagem justa e p\u00f3stuma a um cidad\u00e3o que contribuiu significativamente para o desenvolvimento e as prosperidades de Tr\u00eas Lagoas.<\/p>\n<p data-raofz=\"16\">Durante a assinatura do decreto, o prefeito Angelo Guerreiro ressaltou a import\u00e2ncia do reconhecimento. \u201cIssam Fares dedicou sua vida ao bem-estar da popula\u00e7\u00e3o de Tr\u00eas Lagoas, seja como m\u00e9dico ou como gestor p\u00fablico. Esta homenagem \u00e9 uma forma de perpetuar sua mem\u00f3ria e inspirar novas gera\u00e7\u00f5es a seguir seu exemplo de dedica\u00e7\u00e3o e amor \u00e0 cidade\u201d, afirmou.<\/p>\n<p data-raofz=\"16\"><strong>SOBRE O HOMENAGEADO<\/strong><\/p>\n<p data-raofz=\"16\">Issam Fares, m\u00e9dico ginecologista, obstetra e cirurgi\u00e3o geral, chegou a Tr\u00eas Lagoas e iniciou sua trajet\u00f3ria profissional no Hospital Nossa Senhora Auxiliadora, onde realizou mais de 17 mil cirurgias e partos. Foi um dos fundadores do Hospital Comendador Remomassi, atual Hospital CASSEMES, marcando a hist\u00f3ria da sa\u00fade no munic\u00edpio.<\/p>\n<p data-raofz=\"16\">Al\u00e9m de seu trabalho na medicina, Issam teve uma atua\u00e7\u00e3o destacada na Ma\u00e7onaria, onde foi Gr\u00e3o-Mestre Estadual do Grande Oriente do Brasil. No campo pol\u00edtico, assumiu o cargo de prefeito municipal em janeiro de 1997, destacando-se pela reorganiza\u00e7\u00e3o das finan\u00e7as p\u00fablicas, conclus\u00e3o de obras e promo\u00e7\u00e3o da industrializa\u00e7\u00e3o de Tr\u00eas Lagoas. Sua gest\u00e3o foi reconhecida pela transforma\u00e7\u00e3o econ\u00f4mica da cidade e pela promo\u00e7\u00e3o do desenvolvimento local.<\/p>\n<p data-raofz=\"16\">Reeleito em 2000 com mais de 80% dos votos, cumpriu seu segundo mandato at\u00e9 2004, consolidando sua lideran\u00e7a como um dos prefeitos mais importantes da hist\u00f3ria do munic\u00edpio. Issam Fares faleceu em 2014, mas seu legado permanece vivo entre os moradores de Tr\u00eas Lagoas.<\/p>\n","protected":false},"excerpt":{"rendered":"<p>Por meio do Decreto n\u00ba 985\/2024, assinado pelo prefeito de Tr\u00eas Lagoas, Angelo Guerreiro, a Unidade de Pronto Atendimento (UPA), passa a ser denominada, a partir de agora, \u201cUnidade de Pronto Atendimento \u2013 Issam Fares\u201d, em homenagem ao ex-prefeito e m\u00e9dico que deixou um legado de servi\u00e7os relevantes prestados ao munic\u00edpio. De acordo com o [&hellip;]<\/p>\n","protected":false},"author":2,"featured_media":30848,"comment_status":"open","ping_status":"open","sticky":false,"template":"","format":"standard","meta":{"om_disable_all_campaigns":false,"_monsterinsights_skip_tracking":false,"_monsterinsights_sitenote_active":false,"_monsterinsights_sitenote_note":"","_monsterinsights_sitenote_category":0,"footnotes":""},"categories":[36,48],"tags":[],"aioseo_notices":[],"_links":{"self":[{"href":"https:\/\/expressaoms.com.br\/index.php\/wp-json\/wp\/v2\/posts\/30847"}],"collection":[{"href":"https:\/\/expressaoms.com.br\/index.php\/wp-json\/wp\/v2\/posts"}],"about":[{"href":"https:\/\/expressaoms.com.br\/index.php\/wp-json\/wp\/v2\/types\/post"}],"author":[{"embeddable":true,"href":"https:\/\/expressaoms.com.br\/index.php\/wp-json\/wp\/v2\/users\/2"}],"replies":[{"embeddable":true,"href":"https:\/\/expressaoms.com.br\/index.php\/wp-json\/wp\/v2\/comments?post=30847"}],"version-history":[{"count":1,"href":"https:\/\/expressaoms.com.br\/index.php\/wp-json\/wp\/v2\/posts\/30847\/revisions"}],"predecessor-version":[{"id":30849,"href":"https:\/\/expressaoms.com.br\/index.php\/wp-json\/wp\/v2\/posts\/30847\/revisions\/30849"}],"wp:featuredmedia":[{"embeddable":true,"href":"https:\/\/expressaoms.com.br\/index.php\/wp-json\/wp\/v2\/media\/30848"}],"wp:attachment":[{"href":"https:\/\/expressaoms.com.br\/index.php\/wp-json\/wp\/v2\/media?parent=30847"}],"wp:term":[{"taxonomy":"category","embeddable":true,"href":"https:\/\/expressaoms.com.br\/index.php\/wp-json\/wp\/v2\/categories?post=30847"},{"taxonomy":"post_tag","embeddable":true,"href":"https:\/\/expressaoms.com.br\/index.php\/wp-json\/wp\/v2\/tags?post=30847"}],"curies":[{"name":"wp","href":"https:\/\/api.w.org\/{rel}","templated":true}]}}