{"id":30850,"date":"2024-11-21T07:54:28","date_gmt":"2024-11-21T11:54:28","guid":{"rendered":"https:\/\/expressaoms.com.br\/?p=30850"},"modified":"2024-11-21T07:54:28","modified_gmt":"2024-11-21T11:54:28","slug":"maria-eduarda-brilha-no-atletismo-e-conquista-dois-titulos-nacionais-para-tres-lagoas","status":"publish","type":"post","link":"https:\/\/expressaoms.com.br\/index.php\/2024\/11\/21\/maria-eduarda-brilha-no-atletismo-e-conquista-dois-titulos-nacionais-para-tres-lagoas\/","title":{"rendered":"Maria Eduarda brilha no atletismo e conquista dois t\u00edtulos nacionais para Tr\u00eas Lagoas"},"content":{"rendered":"<p data-raofz=\"16\">A atleta Maria Eduarda, integrante da equipe de atletismo da Prefeitura de Tr\u00eas Lagoas-SEJUVEL\/ATA-TR\u00caS LAGOAS-MS, alcan\u00e7ou um feito hist\u00f3rico ao conquistar dois t\u00edtulos de campe\u00e3 nacional no Trof\u00e9u Centro-Oeste Intersele\u00e7\u00f5es Loterias Caixa de Atletismo Sub-16. A competi\u00e7\u00e3o foi realizada em Vit\u00f3ria (ES), nos dias 16 e 17 de novembro, com a participa\u00e7\u00e3o de estados como Mato Grosso do Sul, Mato Grosso, Goi\u00e1s, Distrito Federal e convidados Esp\u00edrito Santo, Acre, Rond\u00f4nia e Minas Gerais.<\/p>\n<p data-raofz=\"16\">Maria Eduarda \u00e9 atleta da Associa\u00e7\u00e3o Tr\u00eas-Lagoense de Atletismo (ATA), e representa a Prefeitura de Tr\u00eas Lagoas, por meio da Secretaria Municipal de Esporte, Juventude e Lazer (SEJUVEL). Ela brilhou nas provas de salto triplo e nos 80 metros com barreiras, garantindo as medalhas de ouro e cravando seu lugar entre as melhores atletas da categoria no pa\u00eds.<\/p>\n<p data-raofz=\"16\">Agora, a jovem atleta volta suas aten\u00e7\u00f5es para um novo desafio internacional. Ela representar\u00e1 Tr\u00eas Lagoas, o Estado de Mato Grosso do Sul e o Brasil nos Jogos Sul-Americanos Escolares, que acontecem de 2 a 10 de dezembro de 2024, em Bucaramanga, na Col\u00f4mbia. Na competi\u00e7\u00e3o, destinada a jovens de 12 a 14 anos, Maria Eduarda ter\u00e1 a oportunidade de mostrar seu talento e levar o nome de Tr\u00eas Lagoas ao cen\u00e1rio esportivo sul-americano.<\/p>\n","protected":false},"excerpt":{"rendered":"<p>A atleta Maria Eduarda, integrante da equipe de atletismo da Prefeitura de Tr\u00eas Lagoas-SEJUVEL\/ATA-TR\u00caS LAGOAS-MS, alcan\u00e7ou um feito hist\u00f3rico ao conquistar dois t\u00edtulos de campe\u00e3 nacional no Trof\u00e9u Centro-Oeste Intersele\u00e7\u00f5es Loterias Caixa de Atletismo Sub-16. A competi\u00e7\u00e3o foi realizada em Vit\u00f3ria (ES), nos dias 16 e 17 de novembro, com a participa\u00e7\u00e3o de estados como [&hellip;]<\/p>\n","protected":false},"author":2,"featured_media":30851,"comment_status":"open","ping_status":"open","sticky":false,"template":"","format":"standard","meta":{"om_disable_all_campaigns":false,"_monsterinsights_skip_tracking":false,"_monsterinsights_sitenote_active":false,"_monsterinsights_sitenote_note":"","_monsterinsights_sitenote_category":0,"footnotes":""},"categories":[34,36,48],"tags":[],"aioseo_notices":[],"_links":{"self":[{"href":"https:\/\/expressaoms.com.br\/index.php\/wp-json\/wp\/v2\/posts\/30850"}],"collection":[{"href":"https:\/\/expressaoms.com.br\/index.php\/wp-json\/wp\/v2\/posts"}],"about":[{"href":"https:\/\/expressaoms.com.br\/index.php\/wp-json\/wp\/v2\/types\/post"}],"author":[{"embeddable":true,"href":"https:\/\/expressaoms.com.br\/index.php\/wp-json\/wp\/v2\/users\/2"}],"replies":[{"embeddable":true,"href":"https:\/\/expressaoms.com.br\/index.php\/wp-json\/wp\/v2\/comments?post=30850"}],"version-history":[{"count":1,"href":"https:\/\/expressaoms.com.br\/index.php\/wp-json\/wp\/v2\/posts\/30850\/revisions"}],"predecessor-version":[{"id":30852,"href":"https:\/\/expressaoms.com.br\/index.php\/wp-json\/wp\/v2\/posts\/30850\/revisions\/30852"}],"wp:featuredmedia":[{"embeddable":true,"href":"https:\/\/expressaoms.com.br\/index.php\/wp-json\/wp\/v2\/media\/30851"}],"wp:attachment":[{"href":"https:\/\/expressaoms.com.br\/index.php\/wp-json\/wp\/v2\/media?parent=30850"}],"wp:term":[{"taxonomy":"category","embeddable":true,"href":"https:\/\/expressaoms.com.br\/index.php\/wp-json\/wp\/v2\/categories?post=30850"},{"taxonomy":"post_tag","embeddable":true,"href":"https:\/\/expressaoms.com.br\/index.php\/wp-json\/wp\/v2\/tags?post=30850"}],"curies":[{"name":"wp","href":"https:\/\/api.w.org\/{rel}","templated":true}]}}