{"id":30856,"date":"2024-11-21T07:59:13","date_gmt":"2024-11-21T11:59:13","guid":{"rendered":"https:\/\/expressaoms.com.br\/?p=30856"},"modified":"2024-11-21T07:59:13","modified_gmt":"2024-11-21T11:59:13","slug":"pesquisa-mostra-diferenca-de-preco-de-3225-no-etanol-e-de-2298-na-gasolina-em-ms","status":"publish","type":"post","link":"https:\/\/expressaoms.com.br\/index.php\/2024\/11\/21\/pesquisa-mostra-diferenca-de-preco-de-3225-no-etanol-e-de-2298-na-gasolina-em-ms\/","title":{"rendered":"Pesquisa mostra diferen\u00e7a de pre\u00e7o de 32,25% no etanol e de 22,98% na gasolina em MS"},"content":{"rendered":"<p>Os pre\u00e7os m\u00e9dios da gasolina comum e do etanol comum apresentam diferen\u00e7a de, respectivamente, 22,98% e 32,25% entre as diferentes regi\u00f5es do Estado.<\/p>\n<p>\u00c9 o que mostra a pesquisa de novembro de pre\u00e7os de combust\u00edveis realizada pelo Procon Mato Grosso do Sul, institui\u00e7\u00e3o vinculada \u00e0 Sead (Secretaria de Estado de Assist\u00eancia Social e dos Direitos Humanos).<\/p>\n<p>No caso da gasolina comum, a menor m\u00e9dia encontrada foi de R$ 5,74 em Campo Grande; e a maior de R$ 7,05, em Corumb\u00e1.<\/p>\n<p>J\u00e1 em rela\u00e7\u00e3o ao etanol comum, o melhor pre\u00e7o m\u00e9dio ao consumidor foi de R$ 3,75, tamb\u00e9m em Campo Grande, e o maior de R$ 4,96, na cidade pantaneira.<\/p>\n<p>O Procon tamb\u00e9m fez o levantamento dos pre\u00e7os da gasolina e etanol aditivados, diesel S500 e S10, comum e aditivado, e GNV (G\u00e1s Natural Veicular). A pesquisa foi realizada em 53 postos de combust\u00edveis, na Capital e tamb\u00e9m em Coxim, Ponta Por\u00e3, Tr\u00eas Lagoas, Jardim, Aquidauana e Corumb\u00e1.<\/p>\n","protected":false},"excerpt":{"rendered":"<p>Os pre\u00e7os m\u00e9dios da gasolina comum e do etanol comum apresentam diferen\u00e7a de, respectivamente, 22,98% e 32,25% entre as diferentes regi\u00f5es do Estado. \u00c9 o que mostra a pesquisa de novembro de pre\u00e7os de combust\u00edveis realizada pelo Procon Mato Grosso do Sul, institui\u00e7\u00e3o vinculada \u00e0 Sead (Secretaria de Estado de Assist\u00eancia Social e dos Direitos [&hellip;]<\/p>\n","protected":false},"author":2,"featured_media":30857,"comment_status":"open","ping_status":"open","sticky":false,"template":"","format":"standard","meta":{"om_disable_all_campaigns":false,"_monsterinsights_skip_tracking":false,"_monsterinsights_sitenote_active":false,"_monsterinsights_sitenote_note":"","_monsterinsights_sitenote_category":0,"footnotes":""},"categories":[31,266],"tags":[],"aioseo_notices":[],"_links":{"self":[{"href":"https:\/\/expressaoms.com.br\/index.php\/wp-json\/wp\/v2\/posts\/30856"}],"collection":[{"href":"https:\/\/expressaoms.com.br\/index.php\/wp-json\/wp\/v2\/posts"}],"about":[{"href":"https:\/\/expressaoms.com.br\/index.php\/wp-json\/wp\/v2\/types\/post"}],"author":[{"embeddable":true,"href":"https:\/\/expressaoms.com.br\/index.php\/wp-json\/wp\/v2\/users\/2"}],"replies":[{"embeddable":true,"href":"https:\/\/expressaoms.com.br\/index.php\/wp-json\/wp\/v2\/comments?post=30856"}],"version-history":[{"count":1,"href":"https:\/\/expressaoms.com.br\/index.php\/wp-json\/wp\/v2\/posts\/30856\/revisions"}],"predecessor-version":[{"id":30858,"href":"https:\/\/expressaoms.com.br\/index.php\/wp-json\/wp\/v2\/posts\/30856\/revisions\/30858"}],"wp:featuredmedia":[{"embeddable":true,"href":"https:\/\/expressaoms.com.br\/index.php\/wp-json\/wp\/v2\/media\/30857"}],"wp:attachment":[{"href":"https:\/\/expressaoms.com.br\/index.php\/wp-json\/wp\/v2\/media?parent=30856"}],"wp:term":[{"taxonomy":"category","embeddable":true,"href":"https:\/\/expressaoms.com.br\/index.php\/wp-json\/wp\/v2\/categories?post=30856"},{"taxonomy":"post_tag","embeddable":true,"href":"https:\/\/expressaoms.com.br\/index.php\/wp-json\/wp\/v2\/tags?post=30856"}],"curies":[{"name":"wp","href":"https:\/\/api.w.org\/{rel}","templated":true}]}}