{"id":30871,"date":"2024-11-21T21:10:16","date_gmt":"2024-11-22T01:10:16","guid":{"rendered":"https:\/\/expressaoms.com.br\/?p=30871"},"modified":"2024-11-21T21:10:16","modified_gmt":"2024-11-22T01:10:16","slug":"durante-o-dia-d-de-operacao-contra-violencia-sexual-infantil-policia-civil-cumpre-mandado-de-prisao-em-campo-grande","status":"publish","type":"post","link":"https:\/\/expressaoms.com.br\/index.php\/2024\/11\/21\/durante-o-dia-d-de-operacao-contra-violencia-sexual-infantil-policia-civil-cumpre-mandado-de-prisao-em-campo-grande\/","title":{"rendered":"Durante o \u201cDia D\u201d de Opera\u00e7\u00e3o contra viol\u00eancia sexual infantil, Pol\u00edcia Civil cumpre mandado de pris\u00e3o em Campo Grande"},"content":{"rendered":"<p>A Pol\u00edcia Civil de Mato Grosso do Sul, durante o m\u00eas de novembro, participa da Opera\u00e7\u00e3o HAGNOS, coordenada em \u00e2mbito nacional pelo Minist\u00e9rio da Justi\u00e7a e Seguran\u00e7a P\u00fablica, e Estadual pela Secretaria de Justi\u00e7a e Seguran\u00e7a P\u00fablica de Mato Grosso do Sul, com foco no combate \u00e0 explora\u00e7\u00e3o sexual de crian\u00e7as e adolescentes.<\/p>\n<p>Na manh\u00e3 desta quinta-feira (21), policiais da Delegacia Especializada de Prote\u00e7\u00e3o \u00e0 Crian\u00e7a e ao Adolescente \u2013 DEPCA, ponto focal da Pol\u00edcia Civil, efetuaram a pris\u00e3o de um militar aposentado, no bairro Coronel Antonino, condenado por Estupro de Vulner\u00e1vel, com senten\u00e7a definitiva transitada em julgado.<\/p>\n<p>Com a a\u00e7\u00e3o dessa manh\u00e3, somam-se ao balan\u00e7o parcial o total de 11 Mandados de Pris\u00e3o por Estupro de Vulner\u00e1vel, cumpridos em cidades como Campo Grande, Aparecida do Taboado, Navira\u00ed, Dourados e Nova Andradina, al\u00e9m de 38 Pris\u00f5es em Flagrante Delito em diversas outras cidades de Mato Grosso do Sul, por crimes envolvendo abuso ou explora\u00e7\u00e3o sexual infanto-juvenil.<\/p>\n<p>Ainda no dia de hoje, at\u00e9 o fim da Opera\u00e7\u00e3o, as a\u00e7\u00f5es continuar\u00e3o na Capital e no interior, com fiscaliza\u00e7\u00f5es em pontos vulner\u00e1veis, atendimento de den\u00fancias e cumprimento de Mandados de Busca e Apreens\u00e3o e\/ou Pris\u00e3o.<\/p>\n","protected":false},"excerpt":{"rendered":"<p>A Pol\u00edcia Civil de Mato Grosso do Sul, durante o m\u00eas de novembro, participa da Opera\u00e7\u00e3o HAGNOS, coordenada em \u00e2mbito nacional pelo Minist\u00e9rio da Justi\u00e7a e Seguran\u00e7a P\u00fablica, e Estadual pela Secretaria de Justi\u00e7a e Seguran\u00e7a P\u00fablica de Mato Grosso do Sul, com foco no combate \u00e0 explora\u00e7\u00e3o sexual de crian\u00e7as e adolescentes. Na manh\u00e3 [&hellip;]<\/p>\n","protected":false},"author":2,"featured_media":30872,"comment_status":"open","ping_status":"open","sticky":false,"template":"","format":"standard","meta":{"om_disable_all_campaigns":false,"_monsterinsights_skip_tracking":false,"_monsterinsights_sitenote_active":false,"_monsterinsights_sitenote_note":"","_monsterinsights_sitenote_category":0,"footnotes":""},"categories":[27],"tags":[],"aioseo_notices":[],"_links":{"self":[{"href":"https:\/\/expressaoms.com.br\/index.php\/wp-json\/wp\/v2\/posts\/30871"}],"collection":[{"href":"https:\/\/expressaoms.com.br\/index.php\/wp-json\/wp\/v2\/posts"}],"about":[{"href":"https:\/\/expressaoms.com.br\/index.php\/wp-json\/wp\/v2\/types\/post"}],"author":[{"embeddable":true,"href":"https:\/\/expressaoms.com.br\/index.php\/wp-json\/wp\/v2\/users\/2"}],"replies":[{"embeddable":true,"href":"https:\/\/expressaoms.com.br\/index.php\/wp-json\/wp\/v2\/comments?post=30871"}],"version-history":[{"count":1,"href":"https:\/\/expressaoms.com.br\/index.php\/wp-json\/wp\/v2\/posts\/30871\/revisions"}],"predecessor-version":[{"id":30873,"href":"https:\/\/expressaoms.com.br\/index.php\/wp-json\/wp\/v2\/posts\/30871\/revisions\/30873"}],"wp:featuredmedia":[{"embeddable":true,"href":"https:\/\/expressaoms.com.br\/index.php\/wp-json\/wp\/v2\/media\/30872"}],"wp:attachment":[{"href":"https:\/\/expressaoms.com.br\/index.php\/wp-json\/wp\/v2\/media?parent=30871"}],"wp:term":[{"taxonomy":"category","embeddable":true,"href":"https:\/\/expressaoms.com.br\/index.php\/wp-json\/wp\/v2\/categories?post=30871"},{"taxonomy":"post_tag","embeddable":true,"href":"https:\/\/expressaoms.com.br\/index.php\/wp-json\/wp\/v2\/tags?post=30871"}],"curies":[{"name":"wp","href":"https:\/\/api.w.org\/{rel}","templated":true}]}}