{"id":30877,"date":"2024-11-21T21:16:24","date_gmt":"2024-11-22T01:16:24","guid":{"rendered":"https:\/\/expressaoms.com.br\/?p=30877"},"modified":"2024-11-21T21:16:24","modified_gmt":"2024-11-22T01:16:24","slug":"tres-lagoas-debateu-equidade-racial-na-saude-publica-em-eventos-promovidos-pela-sms","status":"publish","type":"post","link":"https:\/\/expressaoms.com.br\/index.php\/2024\/11\/21\/tres-lagoas-debateu-equidade-racial-na-saude-publica-em-eventos-promovidos-pela-sms\/","title":{"rendered":"Tr\u00eas Lagoas debateu equidade racial na Sa\u00fade P\u00fablica em eventos promovidos pela SMS"},"content":{"rendered":"<p data-raofz=\"16\">A Prefeitura de Tr\u00eas Lagoas, por meio da Secretaria Municipal de Sa\u00fade (SMS), e com o apoio do Programa de Educa\u00e7\u00e3o pelo Trabalho para a Sa\u00fade (PET-SAUDE), realizou nesta ter\u00e7a-feira, 19 de novembro, dois eventos para abordar a equidade racial na sa\u00fade p\u00fablica.<\/p>\n<p data-raofz=\"16\">Com o tema \u201cA sua consulta tem cor?\u201d, as atividades reuniram profissionais de sa\u00fade, acad\u00eamicos e a comunidade, em um di\u00e1logo sobre o impacto da perspectiva racial no atendimento em sa\u00fade, com intuito de promover uma assist\u00eancia mais justa e inclusiva no \u00e2mbito do Sistema \u00danico de Sa\u00fade (SUS).<\/p>\n<p data-raofz=\"16\">O primeiro evento aconteceu no Plen\u00e1rio da C\u00e2mara Municipal, e contou com a participa\u00e7\u00e3o de 40 profissionais da Rede Municipal de Sa\u00fade. A capacita\u00e7\u00e3o discutiu pr\u00e1ticas e estrat\u00e9gias para incorporar a equidade racial no atendimento, refor\u00e7ando a import\u00e2ncia de tratar o tema como uma garantia de direitos.<\/p>\n<p data-raofz=\"16\">\u00c0 noite, o Campus II da Universidade Federal do Mato Grosso do Sul (UFMS) foi palco de uma roda de conversa que reuniu 90 participantes, entre agentes municipais de sa\u00fade, acad\u00eamicos e usu\u00e1rios do SUS. O encontro promoveu reflex\u00f5es e a troca de experi\u00eancias sobre os desafios e as possibilidades de promover a equidade racial nos servi\u00e7os p\u00fablicos de sa\u00fade.<\/p>\n","protected":false},"excerpt":{"rendered":"<p>A Prefeitura de Tr\u00eas Lagoas, por meio da Secretaria Municipal de Sa\u00fade (SMS), e com o apoio do Programa de Educa\u00e7\u00e3o pelo Trabalho para a Sa\u00fade (PET-SAUDE), realizou nesta ter\u00e7a-feira, 19 de novembro, dois eventos para abordar a equidade racial na sa\u00fade p\u00fablica. Com o tema \u201cA sua consulta tem cor?\u201d, as atividades reuniram profissionais [&hellip;]<\/p>\n","protected":false},"author":2,"featured_media":30878,"comment_status":"open","ping_status":"open","sticky":false,"template":"","format":"standard","meta":{"om_disable_all_campaigns":false,"_monsterinsights_skip_tracking":false,"_monsterinsights_sitenote_active":false,"_monsterinsights_sitenote_note":"","_monsterinsights_sitenote_category":0,"footnotes":""},"categories":[36,48],"tags":[],"aioseo_notices":[],"_links":{"self":[{"href":"https:\/\/expressaoms.com.br\/index.php\/wp-json\/wp\/v2\/posts\/30877"}],"collection":[{"href":"https:\/\/expressaoms.com.br\/index.php\/wp-json\/wp\/v2\/posts"}],"about":[{"href":"https:\/\/expressaoms.com.br\/index.php\/wp-json\/wp\/v2\/types\/post"}],"author":[{"embeddable":true,"href":"https:\/\/expressaoms.com.br\/index.php\/wp-json\/wp\/v2\/users\/2"}],"replies":[{"embeddable":true,"href":"https:\/\/expressaoms.com.br\/index.php\/wp-json\/wp\/v2\/comments?post=30877"}],"version-history":[{"count":1,"href":"https:\/\/expressaoms.com.br\/index.php\/wp-json\/wp\/v2\/posts\/30877\/revisions"}],"predecessor-version":[{"id":30879,"href":"https:\/\/expressaoms.com.br\/index.php\/wp-json\/wp\/v2\/posts\/30877\/revisions\/30879"}],"wp:featuredmedia":[{"embeddable":true,"href":"https:\/\/expressaoms.com.br\/index.php\/wp-json\/wp\/v2\/media\/30878"}],"wp:attachment":[{"href":"https:\/\/expressaoms.com.br\/index.php\/wp-json\/wp\/v2\/media?parent=30877"}],"wp:term":[{"taxonomy":"category","embeddable":true,"href":"https:\/\/expressaoms.com.br\/index.php\/wp-json\/wp\/v2\/categories?post=30877"},{"taxonomy":"post_tag","embeddable":true,"href":"https:\/\/expressaoms.com.br\/index.php\/wp-json\/wp\/v2\/tags?post=30877"}],"curies":[{"name":"wp","href":"https:\/\/api.w.org\/{rel}","templated":true}]}}